{"id":1153,"date":"2023-10-27T05:33:21","date_gmt":"2023-10-27T05:33:21","guid":{"rendered":"http:\/\/pubweb.carnet.hr\/zkz\/?p=1153"},"modified":"2023-10-27T06:13:49","modified_gmt":"2023-10-27T06:13:49","slug":"1153","status":"publish","type":"post","link":"https:\/\/zkz.hr\/?p=1153","title":{"rendered":"ZAVR\u0160NI DOKUMENT SVJETSKE SKUP\u0160TINE ZK\u017d-A AMIENS 2023"},"content":{"rendered":"<h1 style=\"text-align: center\"><a href=\"https:\/\/docs.google.com\/document\/d\/18mHfKadVkEjz7jtrWgshk6XsJ3K1h6X-\/edit?usp=sharing&amp;ouid=101579185176826412951&amp;rtpof=true&amp;sd=true\"><strong>ZAVR\u0160NI DOKUMENT SVJETSKE SKUP\u0160TINE ZK\u017d-A<\/strong><\/a><\/h1>\n<h1 style=\"text-align: center\"><strong>AMIENS 2023<\/strong><\/h1>\n<p><a href=\"https:\/\/docs.google.com\/document\/d\/18mHfKadVkEjz7jtrWgshk6XsJ3K1h6X-\/edit?usp=sharing&amp;ouid=101579185176826412951&amp;rtpof=true&amp;sd=true\"><img loading=\"lazy\" decoding=\"async\" class=\"aligncenter wp-image-309 size-full\" src=\"http:\/\/pubweb.carnet.hr\/zkz\/wp-content\/uploads\/sites\/130\/2014\/09\/logo_clc.gif\" alt=\"\" width=\"158\" height=\"103\" \/><\/a><\/p>\n<h2 style=\"text-align: center\"><strong>RAZLU\u010cITI PUTOVE NADE KAO JEDNA ZAJEDNICA<\/strong><\/h2>\n<p><strong>Milost: <\/strong><em>Gospodine, pomozi nam da idemo naprijed. Poka\u017ei nam put.<\/em><\/p>\n<p><strong>Sveto pismo: <\/strong><em>&#8220;Bit \u0107ete mi svjedoci&#8230; sve do na kraj svijeta&#8221; (Dj 1,8).<\/em><\/p>\n<h1>Sa\u017eetak<\/h1>\n<p>&nbsp;<\/p>\n<p>Zajednica kr\u0161\u0107anskog \u017eivota okupila se u Amiensu kako bi razlu\u010dila putove nade u na\u0161em svijetu koji se brzo mijenja. Osjetili smo sna\u017enu potvrdu na\u0161eg poziva kao <strong>jedne lai\u010dke, ignacijevske, apostolske zajednice<\/strong>. Do\u0161li smo do faze zrelosti kao jedna zajednica, osje\u0107aju\u0107i se povezanima u svim apostolskim aktivnostima koje smo poduzeli tijekom proteklog desetlje\u0107a. Prepoznali smo da je misija jednog uistinu misija svih nas. Sidro na\u0161e nade, Presveto Trojstvo, promatra svijet u kojem \u017eivimo i \u010diji smo dio i nadahnjuje nas da odgovorimo u zajedni\u0161tvu s Kristom. Osje\u0107aju\u0107i se sigurno u Bo\u017ejim rukama, \u017eelimo i\u0107i naprijed i produbiti svoje poslanje. Potvrdili smo da su zajedni\u010dko razlu\u010divanje i princip DSSE\/RSPE (<strong>d<\/strong>iscerning \u2013 <strong>s<\/strong>ending \u2013 <strong>s<\/strong>upporting \u2013 <strong>e<\/strong>valuating; <strong>r<\/strong>azlu\u010divanje \u2013 <strong>s<\/strong>lanje \u2013 <strong>p<\/strong>otpora \u2013 <strong>e<\/strong>valuacija) na\u0161 na\u010din djelovanja. Potvrdili smo prioritete definirane u Libanonu, dopunjene i jednim novim: <strong>duhovnost<\/strong>. Prepoznali smo da integralna ekologija pro\u017eima sve ostale prioritete. Skup\u0161tina je sna\u017eno potvrdila poslanje unutar Crkve, \u0161to uklju\u010duje izgradnju sinodalnosti i stvaranje sigurna, sveobuhvatna prostora, gdje nema mjesta zlostavljanju ili diskriminaciji. Predlo\u017eena su i konkretna sredstva kako odgovoriti kao jedna jedinstvena zajednica na poziv primljen u Amiensu. Donesena je slu\u017ebena odluka o imenovanju povjerenstva koje \u0107e raditi na sveobuhvatnoj reviziji Op\u0107ih na\u010dela i Op\u0107ih odredaba. Potrebna nam je formacija za poslanje kako bismo mogli o\u010duvati ravnote\u017eu izme\u0111u tri na\u0161a temeljna stupa (duhovnost, zajednica i misija) na kreativan na\u010din. Ponovno je istaknuta potreba za ja\u010dim povezivanjem i me\u0111usobnom suradnjom na svjetskoj razini. Potrebno je prona\u0107i odgovaraju\u0107u tehnolo\u0161ku platformu za pra\u0107enje i potporu na\u0161ih apostolskih timova te pobolj\u0161anje me\u0111unarodnog umre\u017eavanja.<\/p>\n<p>&nbsp;<\/p>\n<p><strong>Poziv svakom \u010ditatelju<\/strong><\/p>\n<p>Pozivamo svakog \u010ditatelja da se pridru\u017ei na\u0161em hodo\u010da\u0161\u0107u na Svjetskoj skup\u0161tini sa zahvalno\u0161\u0107u i nadom. Zahvaljujemo za sve \u0161to Bog \u010dini po nama kako bismo u svijetu u kojem \u017eivimo \u0161irili dobrotu i milost. Kristovim o\u010dima punim ljubavi isti\u010demo milost koju smo primili na ovoj Skup\u0161tini: <strong>Razlu\u010divanje putova nade kao jedna zajednica<\/strong>. <a href=\"http:\/\/pubweb.carnet.hr\/zkz\/?p=42\" target=\"_blank\" rel=\"noopener\"><em>Op\u0107a na\u010dela br. 2 <\/em><\/a>u\u010de nas \u010ditati s \u00bbunutarnjim zakonom ljubavi i u duhu evan\u0111elja\u00ab, stoga vas pozivamo da pro\u010ditate ovaj tekst na isti na\u010din.<\/p>\n<h1>Sadr\u017eaj<\/h1>\n<h2>I. Kontemplacija o Utjelovljenju daje nam viziju stvarnosti i na\u010din djelovanja<\/h2>\n<ul>\n<li><strong>Okupljeni u Amiensu kako bismo slu\u0161ali Duha Svetog<\/strong><\/li>\n<li><strong>Hod kao jedna zajednica<\/strong><\/li>\n<li><strong>Produbljivanje postoje\u0107ih apostolskih inicijativa<\/strong><\/li>\n<li><strong>Prihva\u0107anje na\u0161eg sidra nade<\/strong><\/li>\n<li><strong>Osna\u017eeni u ti\u0161ini<\/strong><\/li>\n<\/ul>\n<h2>II. I\u0107i naprijed putovima nade<\/h2>\n<ul>\n<li><strong>Potvrda na\u0161eg poziva kao lai\u010dke, ignacijevske, apostolske zajednice<\/strong><\/li>\n<li><strong>Potvrda i produbljivanje apostolskih prioriteta<\/strong><\/li>\n<li><strong>Integralna ekologija<\/strong><\/li>\n<li><strong>Siroma\u0161tvo i globalizacija<\/strong><\/li>\n<li><strong>Mladi<\/strong><\/li>\n<li><strong>Obitelj<\/strong><\/li>\n<li><strong>Novi prioritet \u2013 poslanje<\/strong><\/li>\n<li><strong>Slu\u017ebe u duhovnosti<\/strong><\/li>\n<li><strong>Poslanje unutar Crkve<\/strong><\/li>\n<\/ul>\n<h2>III. Sredstva za ostvarivanje poziva da smo jedna zajednica<\/h2>\n<ul>\n<li><strong>Potreba za povezivanjem, umre\u017eavanjem i suradnjom<\/strong><\/li>\n<li><strong>Potreba za formacijom<\/strong><\/li>\n<li><strong>Tehnolo\u0161ka platforma za umre\u017eavanje<\/strong><\/li>\n<li><strong>Financijska suodgovornost<\/strong><\/li>\n<\/ul>\n<h2>IV. Prijedlozi i preporuke<\/h2>\n<ul>\n<li><strong>Prijedlozi nacionalnim zajednicama<\/strong><\/li>\n<li><strong>Preporuke Svjetskom izvr\u0161nom vije\u0107u<\/strong><\/li>\n<\/ul>\n<h2>Prilozi<\/h2>\n<ul>\n<li><strong>Prilog 1. Skup\u0161tina u crte\u017eima<\/strong><\/li>\n<li><strong>Prilog 2. Nacionalne zajednice sudionice<\/strong><\/li>\n<\/ul>\n<h2 style=\"text-align: center\"><strong>RAZLU\u010cITI PUTOVE NADE KAO JEDNA ZAJEDNICA<\/strong><\/h2>\n<p>&nbsp;<\/p>\n<h1>Uvod<\/h1>\n<p>Bog poziva \u010dlanove Zajednice kr\u0161\u0107anskog \u017eivota da budu ljudi nade. Na\u0161 se svijet brzo mijenja: od klimatske krize, razli\u010ditih oblika nepravde, rata, pandemije do revolucije komunikacijskih tehnologija i Crkve koja se suo\u010dava s izazovima. Svaki od ovih elemenata donosi i u ZK\u017d nove stvarnosti. Situacija koja se mijenja dovodi do toga da se u svijetu \u010duju razli\u010diti vapaji. Vrijeme je da tra\u017eimo Boga koji je ve\u0107 na djelu u na\u0161oj stvarnosti. Razlu\u010divanjem putova nade molimo za milost: &#8220;Gospodine, pomozi nam da idemo naprijed; poka\u017ei nam put&#8221;, kako bismo te mogli nasljedovati.<\/p>\n<h1>I. Kontemplacija o Utjelovljenju daje nam viziju stvarnosti i na\u010din djelovanja<\/h1>\n<p>Nadahnuti svetim Ignacijem, promatramo Presveto Trojstvo koje gleda na na\u0161 svijet s velikim suosje\u0107anjem: \u010dovje\u010danstvo (\u010diji smo dio) i zemlju koja uzdi\u0161e (<em>SE 101\u2013109<\/em>). Vidimo neke od nas kako se raduju, hrabri su i utje\u0161eni. Vidimo neke od nas koji su u boli, potrebi i o\u010daju i to nam slama srca. Vidimo mnogo potreba: me\u0111u siroma\u0161nima, migrantima, ratom razorenim obiteljima, svim mladima koji poku\u0161avaju ostvariti svoje snove, ranjivoj djeci, \u017ertvama diskriminacije i nasilja \u010dak i unutar Crkve, polo\u017eajem \u017eena u svakom dru\u0161tvu, polarizacijom unutar dru\u0161tava; \u010dujemo vapaje svega stvorenog zbog prirodnih katastrofa i globalnog zatopljenja.<\/p>\n<p>Promatraju\u0107i Presveto Trojstvo koje \u0161alje dijete Isusa da se rodi za nas, \u017eelimo im se pridru\u017eiti kako bismo konkretno odgovorili na te vapaje. Tako\u0111er vidimo da je Bo\u017eja ljubav potpuna za sve ljude i svako stvorenje i daje nam postojanu nadu. Vidimo svoje apostolske obveze i kako Bog djeluje po nama, to su znakovi nade i uskrsnu\u0107a. Iznad svega, do\u017eivljavamo Bo\u017eji pogled pun ljubavi, koji nas ohrabruje na na\u0161em putu. Krist je s nama i osje\u0107amo se potpuno u njegovim rukama.<\/p>\n<p>Kao jedna lai\u010dka, ignacijevska, apostolska zajednica nastojimo djelovati solidarno s cijelim \u010dovje\u010danstvom i svim stvorenim. Sje\u0107amo se da je Marijino <strong>da<\/strong> bilo klju\u010dno za Utjelovljenje. \u201eMala i divna \u017eena iz Nazareta\u201c (<em>p.<\/em><em> Arturo Sosa, SJ)<\/em>, mlada jednostavna \u017eena puna nade, daje nam hrabrost da i mi, kao svjetska zajednica, mo\u017eemo re\u0107i <strong>da<\/strong> na Bo\u017eji poziv.<\/p>\n<h2>Okupljeni u Amiensu kako bismo slu\u0161ali Duha Svetog<\/h2>\n<p>U Amiensu, u Francuskoj, gradu svetog Vinka Paulskog i Julesa Verna, 185 delegata okupilo se kao jedna zajednica. Do\u0161li smo na hodo\u010da\u0161\u0107e iz na\u0161ih nacionalnih zajednica u jednu svjetsku zajednicu, pripremaju\u0107i se razlu\u010divati s Duhom Svetim. Pozorno slu\u0161aju\u0107i, nastojali smo odgovoriti na pitanje: Kako \u0107emo i\u0107i naprijed?<\/p>\n<h2>Hod kao jedna zajednica<\/h2>\n<p>Preko voditeljskog tima Svjetsko izvr\u0161no vije\u0107e pozvalo nas je na put od <strong>ja<\/strong> do <strong>mi<\/strong>. Na po\u010detku smo se na osobnoj razini otvorili Duhu Svetom, a zatim smo dijelili svoje meditacije u duhovnom razgovoru (<em>magis<\/em> krug) s drugima u razli\u010ditim vrstama malih skupina. Suo\u010dili smo se s nekim izazovima kao \u0161to su razli\u010ditost na\u0161eg porijekla, jezika i kultura, a sam raspored prostora u plenarnoj dvorani nije nam omogu\u0107io da se osobno me\u0111usobno susretnemo, \u0161to je ote\u017ealo komunikaciju. Me\u0111utim, ti su nas izazovi doveli do dublje \u017eelje za povezivanjem, a prevoditelji su nam omogu\u0107ili da se razumijemo. Znakovni jezik, koji su voditelji uveli tijekom molitve tijela, pomogao nam je da se susretnemo i bez rije\u010di. Pogledali smo se u o\u010di i vidjeli da isti Duh prebiva u svakom od nas.<\/p>\n<p>Voditelji su nas vodili kroz <em>teoriju U-procesa<\/em>, nastoje\u0107i dublje krenuti prema \u201eprisutnosti\u201c slu\u0161aju\u0107i Duha Svetog. Stoga smo otkrili dublje razine komunikacije i me\u0111usobnog dijeljenja i istinski iskusili Duha Svetog koji donosi jedinstvo u razli\u010ditosti (1 Kor 12,4\u201311). Iskusili smo da nismo vi\u0161e samo izaslanici nacionalnih zajednica, nego Skup\u0161tina Svjetske zajednice okupljena na jednom mjestu. I tako smo <strong>mi<\/strong> postali 18. Svjetska skup\u0161tina ZK\u017d-a u Amiensu, vidljivi dio Svjetske zajednice. U taj smo proces u\u0161li s velikodu\u0161no\u0161\u0107u i odu\u0161evljenjem, \u017eele\u0107i iskusiti Bo\u017eju ljubav i milost koja se \u0161iri me\u0111u nama u ZK\u017d-u.<\/p>\n<p>&nbsp;<\/p>\n<p>Primili smo nove zajednice u Svjetsku zajednicu: Slova\u010dku, Novi Zeland, \u0160vedsku i Etiopiju. Te su zajednice uvele njihove zajednice-pratitelji: Malta, Australija, Njema\u010dka i Kenija. Bila je milost pozdraviti i osam promatra\u010dkih zajednica: Benin, Burkinu Faso, Srednjoafri\u010dku Republiku, Haiti, Makao, Panamu, \u010cad i Togo. U odsutnosti su primljene i nacionalne zajednice Kongo Brazzaville, Singapur i Ju\u017eni Sudan. Nije bilo nazo\u010dno pet nacionalnih zajednica.<\/p>\n<h2>Produbljivanje postoje\u0107ih apostolskih inicijativa<\/h2>\n<p>Podijelili smo me\u0111usobno svoje apostolske inicijative koje smo pokrenuli i na kojima smo radili proteklih pet godina od posljednje skup\u0161tine u Buenos Airesu 2018. Otvorili smo se razli\u010ditim apostolskim pothvatima u pet prioritetnih podru\u010dja na\u0161eg poslanja (Obitelj; Ekologija; Mladi; Siroma\u0161tvo i globalizacija; Duhovnost), koje su bile predstavljene u &#8220;sobama apostolata&#8221;. Dopustili smo da nas dotakne na\u010din na koji je Duh Sveti prisutan u na\u0161im nastojanjima da &#8220;idemo naprijed&#8221;, dijelimo i produbljujemo podru\u010dje na\u0161eg djelovanja.<\/p>\n<h2>Prihva\u0107anje na\u0161eg sidra nade<\/h2>\n<p>Tijekom dana otvorenih vrata nastavili smo otkrivati apostolske aktivnosti, ovog puta zajedno s tisu\u0107u \u010dlanova ZK\u017d-a iz Francuske i okolnih zemalja. General Dru\u017ebe Isusove, p. Arturo Sosa, pridru\u017eio nam se u katedrali u Amiensu. Sutradan je pozvao delegate da se usredoto\u010de na nadu, kao sredi\u0161nji smjerokaz na\u0161eg razlu\u010divanja na glavnu temu Skup\u0161tine. Potaknuo nas je da uklju\u010dimo &#8220;mod nade&#8221; u na\u0161im srca \u2013 ba\u0161 kao \u0161to aktiviramo i &#8220;zrakoplovni mod&#8221; na\u0161ih mobilnih telefona \u2013 i prona\u0111emo sidro nade (Heb 6,18\u201319) za na\u0161u Zajednicu.<\/p>\n<p>Pater Sosa pozvao je Skup\u0161tinu da razmisli o razlu\u010divanju kao na\u0161em dragocjenom alatu dok se anga\u017eiramo na pet prioritetnih podru\u010dja. Razmi\u0161ljao je o tome kako se mi kao laici, mu\u017eevi i \u017eene u ZK\u017d-u, mo\u017eemo pridru\u017eiti svetom Ignaciju na njegovu putu nade. Pozvao nas je da produbimo svoj hod sa siroma\u0161nim i poniznim Kristom, koji nas sna\u017eno poti\u010de na hrabro djelovanje za pravdu i nadu prema svima. Pater Sosa nas je pozvao da se ne bojimo apostolske napetosti izme\u0111u slu\u017eenja Kristu i izbora konkretnih materijalnih sredstava. Pozvao nas je da istra\u017eimo nove na\u010dine izvo\u0111enja duhovnih vje\u017eba kako bismo poduprli vjeru ljudi na\u0161eg vremena.<\/p>\n<p>Bili smo pozvani da crte\u017eima prika\u017eemo razli\u010dite izraze sidra nade koji su prisutni u na\u0161oj povijesti u ZK\u017d-u (crte\u017ei su uklju\u010deni u <em>Prilog 1<\/em>). U ovim slikama i svjedo\u010danstvima prepoznali smo znakove Bo\u017eje vjernosti i \u010dvrste temelje na kojima mo\u017eemo nastaviti graditi. Otvorena srca, uma i volje na\u0161a je Zajednica zamolila Gospodina da otvori putove nade za na\u0161 zajedni\u010dki hod te smo u\u0161li u dan ti\u0161ine i molitve.<\/p>\n<h2>Osna\u017eeni u ti\u0161ini<\/h2>\n<p>Nakon dana \u0161utnje, tijekom kojeg smo meditirali nad pitanjem: Na \u0161to nas poziva\u0161, Gospodine?, bili smo pozvani na \u0161etnje suosje\u0107anja. Po\u010dev\u0161i u parovima, poput hodo\u010dasnika iz Emausa (Lk 24,13\u201335), nastavljaju\u0107i u skupinama po \u010detiri i zavr\u0161avaju\u0107i sa skupinama od osam, dijelili smo me\u0111usobno ono \u0161to smo do\u017eivjeli tijekom dana \u0161utnje. Otkrili smo kako nam je Duh govorio po Svetom pismu, poeziji, iskustvu, na\u0161oj bogatoj povijesti pro\u017eetoj milo\u0161\u0107u te prirodi. Zajedno smo na plenarnoj sjednici po\u010deli &#8220;kristalizirati&#8221; pozive upu\u0107ene Svjetskoj zajednici koje smo \u010duli od Duha Svetog.<\/p>\n<p>Pozvani smo produbiti svoje odgovore i razmotriti goru\u0107e \u017eelje u na\u0161im srcima, koje nismo izrekli ni podijelili s drugima. Dopu\u0161taju\u0107i jedni drugima da izreknemo i izrazimo svoje nezadovoljstvo i pomno slu\u0161aju\u0107i jedni druge, otvorili smo se novim putovima nade.<\/p>\n<h1>II. I\u0107i naprijed putovima nade<\/h1>\n<p>Potvr\u0111ujemo svoj identitet lai\u010dke zajednice i potvr\u0111ujemo va\u017enost na\u0161ih prioriteta kao na\u010dina na koji \u017eivimo svoj apostolski \u017eivot. \u017delimo ih produbiti kao putove nade. Obvezujemo se na djelovanje za dobrobit svijeta, istovremeno prihva\u0107aju\u0107i svoje ograni\u010denosti. \u017delimo hrabro i s nadom i\u0107i naprijed korak po korak. Mo\u017eemo samo biti prisutni bez rje\u0161avanja ili poku\u0161aja rje\u0161avanja problema, mole\u0107i Boga da djeluje me\u0111u nama. Pritom nastojimo te\u017eiti unutarnjoj vatri kako bismo dublje uronili u na\u0161u stvarnost, vjeruju\u0107i da je na\u0161ih &#8220;pet kruhova i dvije ribe&#8221; (Mk 6,41) vi\u0161e nego dovoljno za Bo\u017eje djelovanje.<\/p>\n<p>Tako\u0111er potvr\u0111ujemo da je misija bilo kojeg \u010dlana, lokalne ili nacionalne ZK\u017d grupe, dio misije na\u0161e Zajednice u cjelini. Nagla\u0161avamo da je na\u0161 zajedni\u010dki apostolski \u017eivot temeljen na potpunu \u017eivljenju svog lai\u010dkog poziva. Oslanjaju\u0107i se na duhovne vje\u017ebe i DSSE\/RSPV princip (razlu\u010divanje \u2013 slanje \u2013 potpora \u2013 vrednovanje), mo\u017eemo pomo\u0107i u refleksiji i apostolskom djelovanju i tako biti u\u010dinkovitiji svjedoci Bo\u017ejeg djelovanja u svijetu.<\/p>\n<h2>Potvrda na\u0161eg poziva kao lai\u010dke, ignacijevske, apostolske zajednice<\/h2>\n<p>Radosno \u017eivimo svoj poziv kao lai\u010dka zajednica. Na ovoj Skup\u0161tini potvrdili smo va\u017enost poziva da budemo laici. Poziv da budemo Bo\u017eji narod povezuje nas sa \u017eivotom u dru\u0161tvu i obiteljima u kojima \u017eivimo i u\u010dvr\u0161\u0107uje nas u \u017eivot Crkve kao zajednice vjere i sinodalnosti.<\/p>\n<p>Na\u0161a tri stupa moramo dr\u017eati u kreativnoj ravnote\u017ei: i\u0107i u stvarnost na\u0161ih poslanja i na\u0161eg predanja, izgraditi tijelo na\u0161e Zajednice i produbiti dijeljenje svoje duhovnosti.<\/p>\n<p>Kao lai\u010dka zajednica nastojimo vidjeti, \u010duti, osjetiti i odgovoriti sa suosje\u0107anjem na potrebe ovog svijeta. Zahvalni smo na mogu\u0107nosti da dijelimo nadu na mjestima gdje je goru\u0107a potreba. Na\u0161a Zajednica ve\u0107 radi na takvim grani\u010dnim mjestima kako bi odgovorila na potrebe na\u0161eg svijeta, a ta su iskustva podijeljena na ovoj Skup\u0161tini. Rad na granicama poma\u017ee nam produbiti na\u0161u duhovnost. Na primjer, izazovi s kojima se suo\u010davamo po na\u0161em pozivu postaju \u017eive napetosti koje nas pokre\u0107u u apostolske inicijative, poput sviranja na \u017eicama glazbenog instrumenta \u010dija je napetost ispravno ugo\u0111ena kako bismo postigli harmoniju.<\/p>\n<h2>Potvrda i produbljivanje apostolskih prioriteta<\/h2>\n<p>Potvr\u0111ujemo da na\u0161i apostolski prioriteti i dalje ostaju klju\u010dni elementi \u017eivota na\u0161e Zajednice jer je &#8220;na\u0161 \u017eivot bitno apostolski&#8221; (<em>Op\u0107a na\u010dela 8<\/em>). Potvrdili smo \u010detiri prioriteta sa Svjetske skup\u0161tine u Libanonu 2013. godine (ekologija; obitelj; globalizacija i siroma\u0161tvo; mladi) i prepoznali duhovnost kao novi, peti prioritet. Prihvatili smo novo poslanje unutar Crkve.<\/p>\n<p>&nbsp;<\/p>\n<p>Poti\u010demo Svjetsku zajednicu na dublje uklju\u010divanje unutar potvr\u0111enih prioriteta. Kriterij za odabir prioriteta Svjetske zajednice ZK\u017d-a jest ono \u0161to je najhitnije i najuniverzalnije. Prioriteti koji slijede a\u017eurirane su preporuke donesene na Svjetskoj skup\u0161tini.<\/p>\n<h3>Integralna ekologija<\/h3>\n<p>Vapaj nad svim vapajima jest vapaj Zemlje, u kojem \u010dujemo hitan poziv Duha Svetog u na\u0161e vrijeme. Enciklika pape Franje <em>Laudato si&#8217; <\/em>pru\u017ea nam temelj za na\u0161 odgovor, pri \u010demu je integralna ekologija najbolji izraz za na\u0161a nastojanja u ovom prioritetu. Skup\u0161tina je, naime, postavila integralnu ekologiju kao prioritet i prepoznala da je to nu\u017enost koja \u0161iroko utje\u010de i na sve ostale. Kako se klimatska kriza razvija, Bog nas poziva da se brinemo za svoj zajedni\u010dki dom. To zna\u010di i otvaranje ekolo\u0161koj preobrazbi. Mijenjaju\u0107i svoj osobni na\u010din \u017eivota, kako bismo bili u skladu s evan\u0111eljem, po\u0161tujemo i sve stvoreno, i to mora biti popra\u0107eno zajedni\u010dkim djelima nade prema svemu stvorenom.<\/p>\n<p>Na\u0161e zajednice moraju promi\u0161ljati i djelovati na rje\u0161avanju strukturnih uzroka ekolo\u0161kih problema. Molimo Boga da produbi na\u0161u povezanost sa svim stvorenim svijetom i siroma\u0161nima, koji su najvi\u0161e pogo\u0111eni klimatskom krizom. Nastojimo \u017eivjeti kreativnu napetost izme\u0111u zadovoljavanja svojih potreba i oslu\u0161kivanja Zemlje koja uzdi\u0161e za na\u0161om promjenom.<\/p>\n<h3>Siroma\u0161tvo i globalizacija<\/h3>\n<p>Zadovoljavanje potreba uzrokovanih siroma\u0161tvom i globalizacijom prioritet je na\u0161e Zajednice. Posebnu pozornost posve\u0107ujemo migracijama, a ta \u017eelja da se odgovori na potrebe ljudi na ovom podru\u010dju ponavljana je na Skup\u0161tini. Moramo duboko razumjeti uzroke siroma\u0161tva i prisilne migracije. Tra\u017eimo prakti\u010dne na\u010dine zagovaranja i slu\u017eenja potrebama ranjivih ljudi, uklju\u010duju\u0107i autohtone i domoroda\u010dke zajednice. \u017delimo stati uz marginalizirane, govore\u0107i: &#8220;Vidimo vas, \u010dujemo vas i s vama smo.&#8221;<\/p>\n<p>Ponekad se mo\u017eemo osje\u0107ati nezadovoljni s dru\u0161tveno-politi\u010dkim strukturama koje siroma\u0161tvo prikrivaju sloganima i okre\u0107u ljude protiv onih na marginama. Doista, osje\u0107amo se pozvanima biti ljudi pomirenja usred dru\u0161tvenih i politi\u010dkih kriza. Vje\u0161tine dru\u0161tveno-politi\u010dkog anga\u017emana uvijek su potrebne unutar na\u0161e Zajednice i njezina rada na ovom prioritetu. Zagovornici smo dijaloga u dru\u0161tvima koja su razjedinjena i zala\u017eemo se za mir u ratnim situacijama. Svi \u010dlanovi i zajednice pozvani su hrabro govoriti u slu\u010dajevima nepravde.<\/p>\n<h3>Mladi<\/h3>\n<p>\u017delimo produbiti na\u0161e me\u0111ugeneracijske veze, hodaju\u0107i i rade\u0107i s mladim ljudima me\u0111u nama. Oni mogu preobraziti na\u0161a srca potrebama svijeta koji se brzo mijenja. Nastojimo ih poduprijeti na njihovu putu ohrabrenjem i nadom kada im je to potrebno.<\/p>\n<p>Mladi kao prioritet ne zna\u010di na\u010din njihova privla\u010denja. To je prije prostor koji nam je potreban kako bismo s nadom doprli do mladih u na\u0161em dru\u0161tvu. Mo\u017eemo izgraditi veze s mladima koji, poput nas, tra\u017ee svrhu i smisao koji dolazi s brigom za sve stvoreno. Takvi napori mogu nas spojiti na na\u0161im putovima duhovnosti i zajedni\u0161tva.<\/p>\n<p>Nastojimo hodati s mladima, slu\u0161ati ih, slu\u017eiti im i doprijeti do njih u na\u0161em nacionalnom kontekstu, prepoznaju\u0107i da i mladi i mi imamo darove koje mo\u017eemo me\u0111usobno dijeliti. Ignacijevska duhovnost mo\u017ee pomo\u0107i mladima da se suo\u010de s velikim izazovima integracije vjere i \u017eivota, razlu\u010divanja u me\u0111usobnim vezama i pri dono\u0161enju zna\u010dajnih \u017eivotnih odluka.<\/p>\n<h3>Obitelj<\/h3>\n<p>U svijetu koji se mijenja obitelji se stalno prilago\u0111avaju novim okolnostima. Obitelj je u svim svojim oblicima &#8220;doma\u0107a crkva&#8221; u kojoj se \u017eivot i vjera dijele i slave na osoban i dubok na\u010din.<\/p>\n<p>Svjesni smo da je va\u017eno podruprijeti obitelji na uklju\u010div na\u010din kako se nitko ne bi osje\u0107ao izvan Crkve. U intimi obitelji imamo jedinstvenu priliku pogledati jedni drugima u o\u010di i tako otkriti Boga jedni u drugima u konkretnoj stvarnosti na\u0161ega svakodnevnog \u017eivota.<\/p>\n<p>\u017delimo se &#8220;s ljubavlju brinuti za \u017eivote svih obitelji&#8221;. Nastavljaju\u0107i u\u010dvr\u0161\u0107ivati i produbljivati na\u0161 put u\u010denja, nastojimo ponuditi pratnju koja potvr\u0111uje plodove ljubavi i poma\u017ee u postizanju iscjeljenja u podru\u010djima boli i potrebe (<em>Amoris laetitia 7<\/em>).<\/p>\n<h2>Novi prioritet \u2013 poslanje<\/h2>\n<h3>Duhovnost<\/h3>\n<p>Na\u0161a Zajednica nastoji odgovoriti na duhovno traganje ljudi na\u0161eg vremena. Nudimo duhovni apostolski zajedni\u010dki \u017eivot u me\u0111usobnoj povezanosti, radosti i nadi. Imamo alate za pra\u0107enje osoba koje tra\u017ee produbljivanje smisla i svrhe \u017eivota te integraciju vjere i \u017eivota.<\/p>\n<p>Duhovne su vje\u017ebe za nas &#8220;specifi\u010dan izvor i karakteristi\u010dno sredstvo na\u0161e duhovnosti&#8221; (<em>Op\u0107a na\u010dela 5<\/em>) i dar koji dijelimo s Crkvom i svijetom. Pozvani smo na kreativan na\u010din promicati duhovne vje\u017ebe kako bismo odgovorili na stvarnost dana\u0161njeg vremena. Pozvani smo \u017eivjeti \u017eivotnim stavom razlu\u010divanja koje se temelji na duhovnim vje\u017ebama te predstavlja alat za dijeljenje i pra\u0107enje onih koji tra\u017ee svrhu i smisao \u017eivota i koji \u017eele donositi informirane odluke.<\/p>\n<p>Osobno i zajedni\u010dko razlu\u010divanje oblikuju na\u0161e poslanje. Upoznavanje ljudi s alatima osobnog razlu\u010divanja va\u017ean je na\u010din na koji dijelimo taj svoj dar. \u0160tovi\u0161e, zajedni\u010dko razlu\u010divanje kakvo smo iskusili na ovoj Skup\u0161tini va\u017eno je sredstvo za sinodalnu Crkvu u njezinoj preobrazbi, kako bi se uskladila s glasom Duha Svetog u ovom na\u0161em vremenu.<\/p>\n<p>Situacije i potrebe razli\u010dite su u pojedinim regijama i zemljama. Na\u0161i odgovori u duhovnom slu\u017eenju stoga su raznoliki, ali uvijek ukorijenjeni u na\u0161em identitetu lai\u010dke ignacijevske apostolske zajednice i u suradnji s na\u0161im partnerima: isusovcima i Crkvom.<\/p>\n<p>Mnoge na\u0161e lokalne, regionalne i nacionalne zajednice ve\u0107 su zapo\u010dele rad na podru\u010dju duhovnosti, kao \u0161to je bilo pokazano u mnogim apostolskim inicijativama tijekom prvih dana Svjetske skup\u0161tine.<\/p>\n<h3>Poslanje unutar Crkve<\/h3>\n<p>Poslanje unutar Crkve pojavilo se na Skup\u0161tini kao novo podru\u010dje na\u0161eg anga\u017emana. Nakon Drugoga vatikanskog koncila ponovno smo obnovljeni kao Zajednica kr\u0161\u0107anskog \u017eivota. Ekleziolo\u0161ki, sebe promatramo Crkvom kao Bo\u017eji narod (<em>Lumen gentium<\/em>), na hodo\u010da\u0161\u0107u tijekom povijesti i u razli\u010ditim stvarnostima.<\/p>\n<p>U svim na\u0161im razli\u010ditim stvarnostima izgradnja uklju\u010dive Crkve bitan je dio na\u0161eg poslanja. Potvr\u0111ujemo jednako dostojanstvo i ulogu \u017eena u \u017eivotu Crkve. Dirnuti smo vapajima ljudi me\u0111u nama koji su bili diskriminirani ili zlostavljani unutar Crkve. Tamo gdje su prisutna diskriminacija i zlostavljanje nastojimo biti solidarni sa \u017ertvama. Mo\u017eemo biti zajednica velikodu\u0161na gostoprimstva, u kojoj nema mjesta diskriminaciji i u kojoj prebiva radost.<\/p>\n<p>Prihva\u0107amo ljude na rubu Crkve koji tra\u017ee zajednicu i duhovnost. Ponavljamo s papom Franjom na sve\u010danosti otvaranja Svjetskog dana mladih u Lisabonu, u Portugalu, 3. kolovoza 2023., koji je rekao: &#8220;Svi, svi, svi! U Crkvi ima mjesta za sve.&#8221; \u017delimo raditi, pripadati i biti Crkva koja prihva\u0107a i uklju\u010duje svakog, svaku osobu u svojoj raznolikosti spola, seksualnosti, bra\u010dnog statusa, afektivnosti i na\u010dina \u017eivota te svaku drugu marginaliziranu i isklju\u010denu osobu. Priznajemo razlike u kulturnoj i dru\u0161tvenoj stvarnosti u razli\u010ditim dijelovima svijeta. \u017delimo biti prijateljski i siguran prostor za sve ljude da istra\u017ee svoju vjeru u kontekstu svakodnevnog \u017eivota. Poti\u010demo zajednice da otvore putove dijaloga i nade.<\/p>\n<p>Zahvalni smo na vodstvu pape Franje koji vodi Crkvu i provodi sinodalne procese kako bi odgovorio na pozive Drugoga vatikanskog koncila, otvara vrata Crkve i \u0161alje nas svima. Njegova slu\u017eba nudi nam mnoge znakove nade. Mo\u017eemo biti glas me\u0111ureligijskom dijalogu i ekumenizmu, su\u017eivotu i suradnji me\u0111u razli\u010ditima.<\/p>\n<h1>III. Sredstva za ostvarivanje poziva da smo jedna zajednica<\/h1>\n<p>Na\u0161e svjetske skup\u0161tine u Guadalajari (1990.), Hong Kongu (1994.), Itaici (1998.), Nairobiju (2003.), Fatimi (2008.), Libanonu (2013.), Buenos Airesu (2018.) i Amiensu bile su nu\u017eni i progresivni koraci da postanemo JEDNA zajednica. Biti jedna zajednica zna\u010di da je misija svakoga pojedinog \u010dlana, lokalne ili nacionalne ZK\u017d grupe ujedno i dio misije cijele zajednice. DSSE\/RSPV princip ostaje klju\u010dni na\u010din na koji mo\u017eemo odgovoriti na ovu misiju kao jedna zajednica.<\/p>\n<h3>Potreba za povezivanjem, umre\u017eavanjem i suradnjom<\/h3>\n<p>Izme\u0111u svjetskih skup\u0161tina \u017eelimo nastaviti me\u0111usobno dijeliti svoja iskustva i pratiti jedni druge kao svjetska zajednica. Suo\u010davamo se sa zajedni\u010dkim izazovima i \u017eeljom za povezivanjem, umre\u017eavanjem i suradnjom. \u017deljeli bismo poduprijeti i osna\u017eiti jedni druge, dijele\u0107i potencijale, svjedo\u010danstva i iskustva. Poti\u010demo nacionalne zajednice da se me\u0111usobno podupiru u prihva\u0107anju pojedinih prioriteta i pokrivanju ljudskih, financijskih i me\u0111usobnih potreba. Moramo tra\u017eiti nove na\u010dine suradnje i povezivanja kako bismo slu\u017eili Zajednici na lokalnoj, nacionalnoj, regionalnoj i svjetskoj razini. To \u0107e nam pomo\u0107i da dublje shvatimo da je misija jedne zajednice misija svih zajedno.<\/p>\n<h3>Potreba za formacijom<\/h3>\n<p>Potreba Zajednice za formacijom tra\u017ei ve\u0107u suradnju i umre\u017eavanje me\u0111u nama kao svjetskom zajednicom. Razmi\u0161ljaju\u0107i o svjetskom formacijskom susretu u Manresi (2022.), mo\u017eemo ponovno preispitati na\u0161e formativne programe s vidika kako najbolje pripremiti Svjetsku zajednicu i njezine \u010dlanove za misiju u ovim vremenima. Svoje darove moramo u\u010diniti dostupnijima u razli\u010ditim kontekstima. Pojavila se \u017eelja za regionalnim formacijskim susretima. Dodatni zajedni\u010dki dokumenti i formacijski materijali Svjetske zajednice mogli bi obogatiti na\u0161e \u010dlanove i nacionalne zajednice.<\/p>\n<p>Postoji potreba za formacijom koja nam poma\u017ee \u017eivjeti tri stupa na\u0161eg identiteta na dubok, pro\u017eet i uravnote\u017een na\u010din, posebno uzimaju\u0107i u obzir napetosti apostolskog \u017eivota i \u017eive\u0107i ih na kreativan na\u010din. Ova je Skup\u0161tina istaknula potrebu za razvojem alata koji \u0107e nam pomo\u0107i da \u017eivimo zajedno: to zna\u010di izgradnju na\u0161ih vje\u0161tina u rje\u0161avanju sukoba i pronala\u017eenje na\u010dina za pomirenje razlika unutar na\u0161e Zajednice.<\/p>\n<h3>Tehnolo\u0161ka platforma za umre\u017eavanje<\/h3>\n<p>Aplikacija za pametne telefone koja je kori\u0161tena na Skup\u0161tini bila je vrlo uspje\u0161na. Aplikacija &#8220;Amiens 2023&#8221; kori\u0161tena je za glasovanje na izborima ExCo i glasovanje o izmjenama Op\u0107ih na\u010dela, za popunjavanje anketa, za dijeljenje rasporeda, za dijeljenje fotografija i promi\u0161ljanja, za dijeljenje va\u017enih dokumenata, za razmjenu osobnih poruka i unutar regija. Aplikacija je uistinu pojednostavila rad Skup\u0161tine.<\/p>\n<p>Iz toga proizlazi vrlo prakti\u010dan prijedlog koji se pojavio na Skup\u0161tini, a koji je povezan sa \u017eeljom da budemo jedna zajednica, a to je izgradnja me\u0111unarodne platforme za umre\u017eavanje. To pokazuje zrelost koju smo postigli u na\u0161oj \u017eelji da budemo jedna zajednica. Tehnolo\u0161ka platforma bila bi prostor u kojem se mo\u017eemo povezati i prikupljati znanja i ideje. Ovaj bi nam prostor pomogao da se upoznamo, iznesemo svoje potrebe i razmijenimo razmi\u0161ljanja o iskustvu. Takva tehnolo\u0161ka platforma omogu\u0107ila bi nam slobodno dijeljenje dokumenata i razmjenu iskustava.<\/p>\n<h3>Financijska suodgovornost<\/h3>\n<p>Skup\u0161tina je glasovala za pove\u0107anje financijskih doprinosa (poznatih kao \u010dlanarine) koji se \u0161alju Svjetskom tajni\u0161tvu. Ova odluka o doprinosima bila je vidljiv znak da Zajednica preuzima financijsku suodgovornost za zajedni\u010dki \u017eivot. Skup\u0161tina je \u017eeljela da Svjetska zajednica bude u\u010dinkovitija u svojoj globalnoj misiji, kako pove\u0107anjem ljudskih potencijala, tako i nastavkom doprinosa po kojem se odabiru i ostvaruju projekti.<\/p>\n<h1>IV. Prijedlozi i preporuke<\/h1>\n<h2>Prijedlozi nacionalnim zajednicama<\/h2>\n<p><em>Mnogo je stvari koje bismo mogli u\u010diniti, ali prednost moramo dati onima koje su u skladu s nacionalnim i regionalnim potrebama i mogu\u0107nostima. To je plod razlu\u010divanja svake nacionalne i regionalne zajednice kao dijela jedinstvena tijela ZK\u017d-a.<\/em><\/p>\n<ol>\n<li>Skup\u0161tina poti\u010de svaku nacionalnu zajednicu da preispita svoju stvarnost, koriste\u0107i meditaciju o Utjelovljenju kao klju\u010dni alat. Koriste\u0107i alate zajedni\u010dkog razlu\u010divanja, dru\u0161tvene i ekolo\u0161ke analize i duhovnog razgovora, pozivamo vas na dinami\u010dno sagledavanje va\u0161e stvarnosti te potreba i problema koji su prisutni u va\u0161oj stvarnosti. Kontemplacija o Utjelovljenju pomo\u0107i \u0107e Zajednici susresti Bo\u017eju ljubav, pozivaju\u0107i nas da zadovoljimo potrebe svijeta u poslanju s Kristom. Tijekom ovog preispitivanja pozivamo svaku nacionalnu zajednicu da sura\u0111uje s nekom drugom zajednicom u ovom procesu na <em>twinning<\/em> na\u010din, specifi\u010dan za proces preispitivanja.<\/li>\n<li>Skup\u0161tina predla\u017ee zajednicama da prilagode i ponude duhovne vje\u017ebe na nove i korisne na\u010dine, navode\u0107i va\u017enost godi\u0161njeg obavljanja za na\u0161e \u010dlanove te potrebu za kreativnim ponudama kako bi se zadovoljile potrebe ljudi na\u0161eg vremena.<\/li>\n<\/ol>\n<h2>Preporuke Svjetskom izvr\u0161nom vije\u0107u<\/h2>\n<p><em>Tijekom cijele Skup\u0161tine upu\u0107eno je mnogo prijedloga Svjetskom izvr\u0161nom vije\u0107u (W-ExCo) te su neki od njih i slu\u017ebeno usvojeni na plenarnoj sjednici. Drugi su se pojavili na razli\u010dite na\u010dine, kao \u0161to su web-ankete, rad u malim skupinama, regionalni rad u grupama. Od potonjih smo dali prednost onima koji su se najsna\u017enije istaknuli i koji su se odr\u017eali do kraja Skup\u0161tine.<\/em><\/p>\n<p><em>Ove preporuke mora razmotriti novo Svjetsko izvr\u0161no vije\u0107e u skladu sa svojim sposobnostima i ograni\u010denjima. Postupno razlu\u010divanje odredit \u0107e \u0161to je mogu\u0107e i \u0161to mora biti prioritet za dobrobit Zajednice.<\/em><\/p>\n<p><strong>Ova je Skup\u0161tina slu\u017ebeno odobrila:<\/strong><\/p>\n<ol>\n<li>Da Svjetsko izvr\u0161no vije\u0107e oformi me\u0111unarodnu komisiju koja \u0107e sura\u0111ivati sa Svjetskom zajednicom na sveobuhvatnoj reviziji Op\u0107ih na\u010dela i Op\u0107ih odredaba.\n<ul>\n<li>U vezi s tim, Skup\u0161tina je odobrila prijedlog ZK\u017d-a iz Australije da se cjelovita ekologija (prema <em>Laudato si<\/em>&#8216;) uklju\u010di u ovaj postupak revizije i u tu svrhu da se savjetuje s me\u0111unarodnom radnom skupinom za ekologiju.<\/li>\n<li>Skup\u0161tina je potvrdila da se predlo\u017eene izmjene nacionalnih zajednica Konga i \u0160panjolske uklju\u010de u raspravu tijekom postupka revizije.<\/li>\n<\/ul>\n<\/li>\n<\/ol>\n<p><strong>Ova Skup\u0161tina preporu\u010duje da Svjetsko izvr\u0161no vije\u0107e:<\/strong><\/p>\n<ol start=\"2\">\n<li>Nastavi s me\u0111unarodnim apostolskim timovima koje je osnovao W-ExCo za razdoblje 2018.\u20132023.:\n<ul>\n<li>Formacija<\/li>\n<li>Ekologija<\/li>\n<li>Mladi<\/li>\n<li>i formira jedan novi za Obitelj.<\/li>\n<\/ul>\n<\/li>\n<\/ol>\n<p>&nbsp;<\/p>\n<ol start=\"3\">\n<li>Izgradi tehnolo\u0161ku platformu za promociju i podr\u0161ku umre\u017eavanju. To bi bilo dostupno svakoj nacionalnoj zajednici, a potencijalno i na\u0161im \u010dlanovima, kao povla\u0161teno sredstvo kojim bismo sve vi\u0161e postajali i djelovali kao jedna svjetska zajednica.<\/li>\n<\/ol>\n<p>&nbsp;<\/p>\n<ol start=\"4\">\n<li>Potakne i podupre tim za formaciju koji \u0107e:\n<ul>\n<li>pripremiti zajedni\u010dke formacijske materijale za Svjetsku zajednicu<\/li>\n<li>razvijati vje\u0161tine u Zajednici u rje\u0161avanju sukoba i pomirenju razlika<\/li>\n<li>poticati povremene regionalne formacijske susrete.<\/li>\n<\/ul>\n<\/li>\n<\/ol>\n<p>&nbsp;<\/p>\n<ol start=\"5\">\n<li>Oja\u010da dvosmjernu komunikaciju izme\u0111u Svjetskoga izvr\u0161nog vije\u0107a i nacionalnih zajednica. Pove\u0107ati prisutnost i suradnju Svjetskoga izvr\u0161nog vije\u0107a, posebno s najranjivijim zajednicama \u2013 promatra\u010dima i novim nacionalnim zajednicama.<\/li>\n<\/ol>\n<p>&nbsp;<\/p>\n<ol start=\"6\">\n<li>Definira sustavan na\u010din razlu\u010divanja kori\u0161tenja apostolskog fonda koji uklju\u010duje <em>magis<\/em> kao kriterij za dono\u0161enje odluka: \u0161to je najhitnije, \u0161to \u0107e nam omogu\u0107iti da donesemo ve\u0107e apostolske plodove i \u0161to \u0107e doprinijeti univerzalnijem cilju.<\/li>\n<\/ol>\n<p>&nbsp;<\/p>\n<ol start=\"7\">\n<li>Ubrzati provedbu protokola za spre\u010davanje zloporaba u svakoj nacionalnoj zajednici, prema <em>Pravilu br. 16<\/em>.<\/li>\n<\/ol>\n<p>&nbsp;<\/p>\n<p><strong>Ova Skup\u0161tina ima dodatne prijedloge za Svjetsko izvr\u0161no vije\u0107e:<\/strong><\/p>\n<ul>\n<li>Razmotrite na\u010din za uspostavljanje tima ili mre\u017ee za javno zagovaranje (posebno u vezi s glavnim globalnim pitanjima). Zagovara\u010dki tim mogao bi se umre\u017eiti s drugim institucijama kako bi se donio sna\u017ean glas ZK\u017d-a u javni prostor.<\/li>\n<li>Razmotrite kako na\u0161a Zajednica mo\u017ee promi\u0161ljati i imati ve\u0107i glas u poslanju unutar Crkve te kako olak\u0161ati me\u0111usobnu komunikaciju i razlu\u010divanje.<\/li>\n<li>Potaknite \u010dlanove iz cijele Svjetske zajednice kako bi razmislili i odgovorili na patnje ljudi na rubu Crkve koji tra\u017ee zajednicu i duhovnost.<\/li>\n<\/ul>\n<h2><\/h2>\n<h2>Zaklju\u010dak<\/h2>\n<p>Svjetska skup\u0161tina u Amiensu prepoznala je mnoge milosti primljene tijekom na\u0161eg susreta. Potvrdili smo svoj identitet kao jedna lai\u010dka, ignacijevska, apostolska zajednica, koja je pozvana na jedinstvo u razli\u010ditosti. \u017dive\u0107i svoj lai\u010dki poziv u svakom vremenu i na svakom mjestu, nastojimo utjeloviti Bo\u017eju ljubav kao jedna zajednica. Potaknuti Duhom Svetim i razlu\u010duju\u0107i njegov poziv, stavljamo sve \u0161to jesmo u Bo\u017eje ruke. Ponizno se povjeravamo Mariji, koja je svojim <strong>da<\/strong> omogu\u0107ila Bo\u017eji plan.<\/p>\n<p>Pogled usmjeravamo prema Bogu koji je na\u0161e sidro i molimo ga da nam poka\u017ee put naprijed. U Amiensu nas je Bog ponovno pozvao da idemo na granice, produbljuju\u0107i ih s nadom. Prihva\u0107amo ove granice s obnovljenim entuzijazmom. Na\u0161 osje\u0107aj s Crkvom (<em>sentire cum Ecclesia<\/em>) \u0161alje nas naprijed s osje\u0107ajem za svijet i \u017eeljom da nastavimo &#8220;razlu\u010divanje putova nade&#8221;.<\/p>\n<p>&nbsp;<\/p>\n<h1>Prilog 1. Skup\u0161tina u crte\u017eima<\/h1>\n<p>Sljede\u0107i crte\u017ei bili su kreativan odgovor malih skupina na pitanje: <strong>Gdje je nada usidrena u va\u0161oj ZK\u017d zajednici<\/strong>? Upute su bile:<\/p>\n<ol>\n<li>Vodite duhovni razgovor (<em>magis<\/em> krug u tri kruga).<\/li>\n<li>Nacrtajte simboli\u010dku sliku (bez rije\u010di!) kako biste izrazili ono \u0161to je proizi\u0161lo iz duhovnog razgovora. Mo\u017eete prikazati ZK\u017d i kao \u017eivotinju, cvijet, drvo, lice, krajolik itd.<\/li>\n<\/ol>\n<p><a href=\"https:\/\/imgbb.com\/\"><img decoding=\"async\" src=\"https:\/\/i.ibb.co\/qmpTNQg\/image.png\" alt=\"image\" border=\"0\" \/><\/a><br \/>\n<a href=\"https:\/\/imgbb.com\/\"><img decoding=\"async\" src=\"https:\/\/i.ibb.co\/BrX93Ls\/image.png\" alt=\"image\" border=\"0\" \/><\/a><br \/>\n<a href=\"https:\/\/imgbb.com\/\"><img decoding=\"async\" src=\"https:\/\/i.ibb.co\/0tG9CzQ\/image.png\" alt=\"image\" border=\"0\" \/><\/a><br \/>\n<a href=\"https:\/\/imgbb.com\/\"><img decoding=\"async\" src=\"https:\/\/i.ibb.co\/vmPbwP8\/image.png\" alt=\"image\" border=\"0\" \/><\/a><br \/>\n<a href=\"https:\/\/imgbb.com\/\"><img decoding=\"async\" src=\"https:\/\/i.ibb.co\/XLBttCd\/image.png\" alt=\"image\" border=\"0\" \/><\/a><br \/>\n<a href=\"https:\/\/imgbb.com\/\"><img decoding=\"async\" src=\"https:\/\/i.ibb.co\/yYgXmmG\/image.png\" alt=\"image\" border=\"0\" \/><\/a><br \/>\n<a href=\"https:\/\/imgbb.com\/\"><img decoding=\"async\" src=\"https:\/\/i.ibb.co\/4Tn3xFR\/image.png\" alt=\"image\" border=\"0\" \/><\/a><br \/>\n<a href=\"https:\/\/imgbb.com\/\"><img decoding=\"async\" src=\"https:\/\/i.ibb.co\/3NcgX2g\/image.png\" alt=\"image\" border=\"0\" \/><\/a><br \/>\n<a href=\"https:\/\/imgbb.com\/\"><img decoding=\"async\" src=\"https:\/\/i.ibb.co\/JrnG5rT\/image.png\" alt=\"image\" border=\"0\" \/><\/a><br \/>\n<a href=\"https:\/\/imgbb.com\/\"><img decoding=\"async\" src=\"https:\/\/i.ibb.co\/0yqj08K\/image.png\" alt=\"image\" border=\"0\" \/><\/a><br \/>\n<a href=\"https:\/\/imgbb.com\/\"><img decoding=\"async\" src=\"https:\/\/i.ibb.co\/HHB8vhd\/image.png\" alt=\"image\" border=\"0\" \/><\/a><br \/>\n<a href=\"https:\/\/imgbb.com\/\"><img decoding=\"async\" src=\"https:\/\/i.ibb.co\/9cSKb4X\/image.png\" alt=\"image\" border=\"0\" \/><\/a><br \/>\n<a href=\"https:\/\/imgbb.com\/\"><img decoding=\"async\" src=\"https:\/\/i.ibb.co\/LSf2zdR\/image.png\" alt=\"image\" border=\"0\" \/><\/a><br \/>\n<a href=\"https:\/\/imgbb.com\/\"><img decoding=\"async\" src=\"https:\/\/i.ibb.co\/r4KphDD\/image.png\" alt=\"image\" border=\"0\" \/><\/a><br \/>\n<a href=\"https:\/\/imgbb.com\/\"><img decoding=\"async\" src=\"https:\/\/i.ibb.co\/Zm80Jth\/image.png\" alt=\"image\" border=\"0\" \/><\/a><br \/>\n<a href=\"https:\/\/imgbb.com\/\"><img decoding=\"async\" src=\"https:\/\/i.ibb.co\/XsxJLGn\/image.png\" alt=\"image\" border=\"0\" \/><\/a><br \/>\n<a href=\"https:\/\/imgbb.com\/\"><img decoding=\"async\" src=\"https:\/\/i.ibb.co\/KqqJYj4\/image.png\" alt=\"image\" border=\"0\" \/><\/a><br \/>\n<a href=\"https:\/\/imgbb.com\/\"><img decoding=\"async\" src=\"https:\/\/i.ibb.co\/zV8TyBs\/image.png\" alt=\"image\" border=\"0\" \/><\/a><br \/>\n<a href=\"https:\/\/imgbb.com\/\"><img decoding=\"async\" src=\"https:\/\/i.ibb.co\/JpYJrsn\/image.png\" alt=\"image\" border=\"0\" \/><\/a><br \/>\n<a href=\"https:\/\/imgbb.com\/\"><img decoding=\"async\" src=\"https:\/\/i.ibb.co\/dmnVQjD\/image.png\" alt=\"image\" border=\"0\" \/><\/a><br \/>\n<a href=\"https:\/\/imgbb.com\/\"><img decoding=\"async\" src=\"https:\/\/i.ibb.co\/1Lp5zwT\/image.png\" alt=\"image\" border=\"0\" \/><\/a><br \/>\n<a href=\"https:\/\/imgbb.com\/\"><img decoding=\"async\" src=\"https:\/\/i.ibb.co\/mbjXQhS\/image.png\" alt=\"image\" border=\"0\" \/><\/a><br \/>\n<a href=\"https:\/\/imgbb.com\/\"><img decoding=\"async\" src=\"https:\/\/i.ibb.co\/F8FyLyR\/image.png\" alt=\"image\" border=\"0\" \/><\/a><br \/>\n<a href=\"https:\/\/imgbb.com\/\"><img decoding=\"async\" src=\"https:\/\/i.ibb.co\/m0mRXHK\/image.png\" alt=\"image\" border=\"0\" \/><\/a><br \/>\n<a href=\"https:\/\/imgbb.com\/\"><img decoding=\"async\" src=\"https:\/\/i.ibb.co\/jbvkbyy\/image.png\" alt=\"image\" border=\"0\" \/><\/a><\/p>\n<p><strong>Crte\u017ei Estele Cameir\u00e3o iz ZK\u017d-a Portugal. <\/strong>Estela je bila delegat \u010diji crte\u017ei prikazuju hod tijekom Skup\u0161tine.<\/p>\n<p><a href=\"https:\/\/ibb.co\/R2Tsqzs\"><img decoding=\"async\" src=\"https:\/\/i.ibb.co\/7vtZq2Z\/image.png\" alt=\"image\" border=\"0\" \/><\/a><br \/>\n<a href=\"https:\/\/ibb.co\/bBWcJF4\"><img decoding=\"async\" src=\"https:\/\/i.ibb.co\/BZz0NGh\/image.png\" alt=\"image\" border=\"0\" \/><\/a><br \/>\n<a href=\"https:\/\/ibb.co\/pRyy0Hk\"><img decoding=\"async\" src=\"https:\/\/i.ibb.co\/hZff7GT\/image.png\" alt=\"image\" border=\"0\" \/><\/a><br \/>\n<a href=\"https:\/\/ibb.co\/GT8wmV9\"><img decoding=\"async\" src=\"https:\/\/i.ibb.co\/WtM9Cc0\/image.png\" alt=\"image\" border=\"0\" \/><\/a><br \/>\n<a href=\"https:\/\/ibb.co\/L88Pr9X\"><img decoding=\"async\" src=\"https:\/\/i.ibb.co\/c11vw2S\/image.png\" alt=\"image\" border=\"0\" \/><\/a><br \/>\nEstelini su crte\u017ei pratili zavr\u0161nu homiliju p. Jos\u00e9a de Pabla, SJ:<br \/>\n<a href=\"https:\/\/ibb.co\/4pRzfCq\"><img decoding=\"async\" src=\"https:\/\/i.ibb.co\/tDpghnG\/image.png\" alt=\"image\" border=\"0\" \/><\/a><br \/>\n<a href=\"https:\/\/ibb.co\/8PggZFW\"><img decoding=\"async\" src=\"https:\/\/i.ibb.co\/WBvvJSb\/image.png\" alt=\"image\" border=\"0\" \/><\/a><br \/>\n<a href=\"https:\/\/ibb.co\/TWH0dhX\"><img decoding=\"async\" src=\"https:\/\/i.ibb.co\/6X4tLsh\/image.png\" alt=\"image\" border=\"0\" \/><\/a><br \/>\n<a href=\"https:\/\/ibb.co\/882Pzp0\"><img decoding=\"async\" src=\"https:\/\/i.ibb.co\/12KRs5L\/image.png\" alt=\"image\" border=\"0\" \/><\/a><br \/>\n<a href=\"https:\/\/ibb.co\/jb4dtcp\"><img decoding=\"async\" src=\"https:\/\/i.ibb.co\/GnPXmKh\/image.png\" alt=\"image\" border=\"0\" \/><\/a><\/p>\n<p><strong>Crte\u017ei Bernarda, karikaturista iz ZK\u017d-a Francuska, <\/strong>koji je tako\u0111er napravio logotip Skup\u0161tine. Bernard je podijelio svoje kreacije s nama tijekom nekoliko dana Skup\u0161tine, poku\u0161avaju\u0107i uhvatiti ono \u0161to je Duh \u010dinio me\u0111u nama.<\/p>\n<p><a href=\"https:\/\/ibb.co\/mqYmW28\"><img decoding=\"async\" src=\"https:\/\/i.ibb.co\/BZ7mMQN\/image.png\" alt=\"image\" border=\"0\" \/><\/a><br \/>\n<a href=\"https:\/\/ibb.co\/spTJQ5g\"><img decoding=\"async\" src=\"https:\/\/i.ibb.co\/xKn8Gm2\/image.png\" alt=\"image\" border=\"0\" \/><\/a><br \/>\n<a href=\"https:\/\/ibb.co\/1nb5wv5\"><img decoding=\"async\" src=\"https:\/\/i.ibb.co\/YWbMqRM\/image.png\" alt=\"image\" border=\"0\" \/><\/a><br \/>\n<a href=\"https:\/\/ibb.co\/rF71z5y\"><img decoding=\"async\" src=\"https:\/\/i.ibb.co\/Xj2vKFJ\/image.png\" alt=\"image\" border=\"0\" \/><\/a><br \/>\n<a href=\"https:\/\/ibb.co\/VHTdKNk\"><img decoding=\"async\" src=\"https:\/\/i.ibb.co\/Xyt9w4G\/image.png\" alt=\"image\" border=\"0\" \/><\/a><br \/>\n<a href=\"https:\/\/ibb.co\/CKMzbXw\"><img decoding=\"async\" src=\"https:\/\/i.ibb.co\/zV7rXLm\/image.png\" alt=\"image\" border=\"0\" \/><\/a><br \/>\n<a href=\"https:\/\/ibb.co\/SxfBSj6\"><img decoding=\"async\" src=\"https:\/\/i.ibb.co\/6ZXFQMy\/image.png\" alt=\"image\" border=\"0\" \/><\/a><br \/>\n<a href=\"https:\/\/ibb.co\/pzvVZW0\"><img decoding=\"async\" src=\"https:\/\/i.ibb.co\/qsMq90y\/image.png\" alt=\"image\" border=\"0\" \/><\/a><br \/>\n<a href=\"https:\/\/ibb.co\/tQrP4DT\"><img decoding=\"async\" src=\"https:\/\/i.ibb.co\/jbXZTDP\/image.png\" alt=\"image\" border=\"0\" \/><\/a><br \/>\n<a href=\"https:\/\/ibb.co\/F6958hx\"><img decoding=\"async\" src=\"https:\/\/i.ibb.co\/K6Y2V50\/image.png\" alt=\"image\" border=\"0\" \/><\/a><br \/>\n<a href=\"https:\/\/ibb.co\/ScrffGK\"><img decoding=\"async\" src=\"https:\/\/i.ibb.co\/3vzRRQ0\/image.png\" alt=\"image\" border=\"0\" \/><\/a><br \/>\n<a href=\"https:\/\/ibb.co\/zJp6jLr\"><img decoding=\"async\" src=\"https:\/\/i.ibb.co\/BNbnd7t\/image.png\" alt=\"image\" border=\"0\" \/><\/a><br \/>\n<a href=\"https:\/\/ibb.co\/2t224T0\"><img decoding=\"async\" src=\"https:\/\/i.ibb.co\/C7ddGfp\/image.png\" alt=\"image\" border=\"0\" \/><\/a><br \/>\n<a href=\"https:\/\/ibb.co\/j3V1D9T\"><img decoding=\"async\" src=\"https:\/\/i.ibb.co\/wpJx4ZR\/image.png\" alt=\"image\" border=\"0\" \/><\/a><br \/>\n<a href=\"https:\/\/ibb.co\/nBD45gJ\"><img decoding=\"async\" src=\"https:\/\/i.ibb.co\/XDz6v2R\/image.png\" alt=\"image\" border=\"0\" \/><\/a><br \/>\n<a href=\"https:\/\/ibb.co\/0h0Hm57\"><img decoding=\"async\" src=\"https:\/\/i.ibb.co\/2gzGWJ9\/image.png\" alt=\"image\" border=\"0\" \/><\/a><\/p>\n<p>&nbsp;<\/p>\n<h1 style=\"margin-right: 74.75pt;text-align: right;line-height: 107%\" align=\"right\">Prilog 2. Nacionalne zajednice sudionice<\/h1>\n<p>Argentina<br \/>\nAustralija<br \/>\nAustrija<br \/>\nBelgija, flamanska<br \/>\nBelgija, francuska<br \/>\nBenin<br \/>\nBocvana<br \/>\nBolivija<br \/>\nBrazil<br \/>\nBurkina Faso<br \/>\n\u010cad<br \/>\n\u010cile<br \/>\nDominikanska Republika<br \/>\nEgipat<br \/>\nEkvador<br \/>\nEl Salvador<br \/>\nEngleska i Wales<br \/>\nEtiopija<br \/>\nFilipini<br \/>\nFrancuska<br \/>\nGvatemala<br \/>\nHaiti<br \/>\nHong Kong<br \/>\nHrvatska<br \/>\nIrska<br \/>\nItalija<br \/>\nJapan<br \/>\nJu\u017ena Afrika<br \/>\nJu\u017ena Koreja<br \/>\nKamerun<br \/>\nKanada, engleska<br \/>\nKanada, francuska<br \/>\nKenija<br \/>\nKolumbija<br \/>\nKongo<br \/>\nKuba<br \/>\nLatvija<br \/>\nLibanon<br \/>\nLitva<br \/>\nLuksemburg<br \/>\nMadagaskar<br \/>\nMakao<br \/>\nMalta<br \/>\nMauricijus<br \/>\nMeksiko<br \/>\nNikaragva<br \/>\nNizozemska<br \/>\nNovi Zeland<br \/>\nNjema\u010dka<br \/>\nObala Bjelokosti<br \/>\nPanama<br \/>\nParagvaj<br \/>\nPeru<br \/>\nPoljska<br \/>\nPortoriko<br \/>\nPortugal<br \/>\nRuanda<br \/>\nSirija<br \/>\nSlova\u010dka<br \/>\nSlovenija<br \/>\nSjedinjene Ameri\u010dke Dr\u017eave<br \/>\nSrednjoafri\u010dka Republika<br \/>\n\u0160panjolska<br \/>\n\u0160ri Lanka<br \/>\n\u0160vedska<br \/>\n\u0160vicarska<br \/>\nTajvan<br \/>\nTogo<br \/>\nUjedinjeno Kraljevstvo<br \/>\nUrugvaj<br \/>\nVenezuela<br \/>\nVijetnam<br \/>\nZambija<br \/>\nZimbabve<\/p>\n<p><a href=\"https:\/\/docs.google.com\/document\/d\/18mHfKadVkEjz7jtrWgshk6XsJ3K1h6X-\/edit?usp=sharing&amp;ouid=101579185176826412951&amp;rtpof=true&amp;sd=true\">OVAJ DOKUMENT MO\u017dETE PREUZETI I U WORD FORMATU OVDJE.<\/a><\/p>\n<p>&nbsp;<\/p>\n","protected":false},"excerpt":{"rendered":"<p>ZAVR\u0160NI DOKUMENT SVJETSKE SKUP\u0160TINE ZK\u017d-A AMIENS 2023 RAZLU\u010cITI PUTOVE NADE KAO JEDNA ZAJEDNICA Milost: Gospodine, pomozi nam da idemo naprijed. Poka\u017ei nam put. Sveto pismo: &#8220;Bit \u0107ete mi svjedoci&#8230; sve do na kraj svijeta&#8221; (Dj 1,8). Sa\u017eetak &nbsp; Zajednica kr\u0161\u0107anskog \u017eivota okupila se u Amiensu kako bi razlu\u010dila putove nade u na\u0161em svijetu koji se [&hellip;]<\/p>\n","protected":false},"author":128,"featured_media":675,"comment_status":"closed","ping_status":"closed","sticky":false,"template":"","format":"standard","meta":{"footnotes":""},"categories":[17],"tags":[],"class_list":{"0":"post-1153","1":"post","2":"type-post","3":"status-publish","4":"format-standard","5":"has-post-thumbnail","7":"category-c31-svijetska-zkz","8":"czr-hentry"},"_links":{"self":[{"href":"https:\/\/zkz.hr\/index.php?rest_route=\/wp\/v2\/posts\/1153","targetHints":{"allow":["GET"]}}],"collection":[{"href":"https:\/\/zkz.hr\/index.php?rest_route=\/wp\/v2\/posts"}],"about":[{"href":"https:\/\/zkz.hr\/index.php?rest_route=\/wp\/v2\/types\/post"}],"author":[{"embeddable":true,"href":"https:\/\/zkz.hr\/index.php?rest_route=\/wp\/v2\/users\/128"}],"replies":[{"embeddable":true,"href":"https:\/\/zkz.hr\/index.php?rest_route=%2Fwp%2Fv2%2Fcomments&post=1153"}],"version-history":[{"count":2,"href":"https:\/\/zkz.hr\/index.php?rest_route=\/wp\/v2\/posts\/1153\/revisions"}],"predecessor-version":[{"id":1164,"href":"https:\/\/zkz.hr\/index.php?rest_route=\/wp\/v2\/posts\/1153\/revisions\/1164"}],"wp:featuredmedia":[{"embeddable":true,"href":"https:\/\/zkz.hr\/index.php?rest_route=\/wp\/v2\/media\/675"}],"wp:attachment":[{"href":"https:\/\/zkz.hr\/index.php?rest_route=%2Fwp%2Fv2%2Fmedia&parent=1153"}],"wp:term":[{"taxonomy":"category","embeddable":true,"href":"https:\/\/zkz.hr\/index.php?rest_route=%2Fwp%2Fv2%2Fcategories&post=1153"},{"taxonomy":"post_tag","embeddable":true,"href":"https:\/\/zkz.hr\/index.php?rest_route=%2Fwp%2Fv2%2Ftags&post=1153"}],"curies":[{"name":"wp","href":"https:\/\/api.w.org\/{rel}","templated":true}]}}