{"id":36,"date":"2013-03-04T12:36:12","date_gmt":"2013-03-04T12:36:12","guid":{"rendered":"http:\/\/localhost\/wordpress\/?p=5"},"modified":"2023-09-11T07:33:49","modified_gmt":"2023-09-11T07:33:49","slug":"povijesni-razvoj-zajednice-1991-1995","status":"publish","type":"post","link":"https:\/\/zkz.hr\/?p=36","title":{"rendered":"POVIJESNI RAZVOJ ZAJEDNICE 1991-1995"},"content":{"rendered":"<p>Prva saznanja o ZK\u017d-u dobili smo nakon boravka nekolicine sve\u0107enika Dru\u017ebe Isusove na formacijskom te\u010daju ZK\u017d-a u Rimu 1989. godine.<\/p>\n<p>No tek sljede\u0107e godine, na poticaj tada\u0161njeg provincijala DI p.Stjepana Ku\u0161ana, osnivaju se prve dvije skupine ZK\u017d-a koje su vodili bogoslovi Luka Ra\u0111a i Josip Batini\u0107. Mladi koji su se po\u010deli okupljati bili su zapravo studenti koji su nakon DV u \u017eupi Srca Isusova u Palmoti\u0107evoj ulici u Zagrebu za\u017eeljeli dublje i ve\u0107e zajedn\u0161tvo i upoznavanje s Kristom.<\/p>\n<p>Tako su 19. sije\u010dnja 1991. zapo\u010dele s radom prve dvije skupine.U prosincu iste godine odr\u017eane su prve zajedni\u010dke DV za \u010dlanove ZK\u017d-a, koje je vodio p.Slavko Pavin, u Domu duhovnih vje\u017ebi na Fratrovcu 38, u Zagrebu.<\/p>\n<p>Prva komunikacija sa Zajednicama izvan Hrvatske bio je posjet Slovenskoj zajednici kr\u0161\u0107anskoga \u017eivota u o\u017eujku 1992. godine, u Ljubljani. Na\u0161a uspje\u0161na suradnja nastavlja se sve do danas kad je SZK\u017d progla\u0161ena na\u0161im mentorom od strane Svjetske zajednice.<\/p>\n<p>Jedan predstavnik Zajednice, zajedno s p.Stjepanom Fridlom, boravio je na susretu europskog ZK\u017d-a u Luzernu, \u0160vicarska.<\/p>\n<p>U svibnju 1992. godine osnovane su jo\u0161 dvije nove skupine ZK\u017d-a. Za voditelje skupina odre\u0111eni su p.T. Miliki\u0107 i p. Z. Vuji\u010di\u0107, a duhovni pratitelj skupina u to vrijeme bio je p. Slavko Pavin. Nakon sve\u0107eni\u010dkoga re\u0111enja p. Luke Ra\u0111e na njegovo mjesto voditelja skupine do\u0161ao je p. Mate Bo\u017einovi\u0107. U svibnju 1992. godine ZK\u017d u Hrvatskoj dobio je i novoga crkvenog asistenta p. Marka Mili\u010di\u0107a, koji je zamijenio p. Stjepana Fridla.<\/p>\n<p>Na poziv Slovenske zajednice bili smo nazo\u010dni Nacionalnoj skup\u0161tini SSK\u017d-a u listopadu 1992. god. kojoj se pridru\u017eila i tajnica Svjetske zajednice g\u0111a Roswitha Cooper.<\/p>\n<p>U sije\u010dnju 1993. godine osnovane su dvije nove skupine (od kojih jedna postoji jo\u0161 i danas), koje su vodili p. Marko Mili\u010dic i p. Ivan Antunovi\u0107. Dvije najstarije skupine obavile su tijekom korizme DV u svakodnevnom \u017eivotu. Iste godine bili smo nazo\u010dni seminaru o ZK\u017d-u, u Bornheimu, Njema\u010dka. Na osnovi ste\u010denih iskustava crkveni asistent Zajednice p. Marko Mili\u010di\u0107 odr\u017eao je seminar o ZK\u017d-u, u Zagrebu, listopada 1993.<\/p>\n<p>Tijekom 1994. godine do\u0161lo je do manje krize u Zajednici, no bez obzira na to odr\u017eana su dva seminara o ZK\u017d-u i oformljene su jo\u0161 dvije skupine ZK\u017d-a pod vodstvom bogoslova Stipe Balatinca i Du\u0161ka Kr\u010dmara.<\/p>\n","protected":false},"excerpt":{"rendered":"<p>Prva saznanja o ZK\u017d-u dobili smo nakon boravka nekolicine sve\u0107enika Dru\u017ebe Isusove na formacijskom te\u010daju ZK\u017d-a u Rimu 1989. godine. No tek sljede\u0107e godine, na poticaj tada\u0161njeg provincijala DI p.Stjepana Ku\u0161ana, osnivaju se prve dvije skupine ZK\u017d-a koje su vodili bogoslovi Luka Ra\u0111a i Josip Batini\u0107. Mladi koji su se po\u010deli okupljati bili su zapravo [&hellip;]<\/p>\n","protected":false},"author":128,"featured_media":178,"comment_status":"closed","ping_status":"closed","sticky":false,"template":"","format":"standard","meta":{"footnotes":""},"categories":[13],"tags":[],"class_list":{"0":"post-36","1":"post","2":"type-post","3":"status-publish","4":"format-standard","5":"has-post-thumbnail","7":"category-c12-povijest","8":"czr-hentry"},"_links":{"self":[{"href":"https:\/\/zkz.hr\/index.php?rest_route=\/wp\/v2\/posts\/36","targetHints":{"allow":["GET"]}}],"collection":[{"href":"https:\/\/zkz.hr\/index.php?rest_route=\/wp\/v2\/posts"}],"about":[{"href":"https:\/\/zkz.hr\/index.php?rest_route=\/wp\/v2\/types\/post"}],"author":[{"embeddable":true,"href":"https:\/\/zkz.hr\/index.php?rest_route=\/wp\/v2\/users\/128"}],"replies":[{"embeddable":true,"href":"https:\/\/zkz.hr\/index.php?rest_route=%2Fwp%2Fv2%2Fcomments&post=36"}],"version-history":[{"count":1,"href":"https:\/\/zkz.hr\/index.php?rest_route=\/wp\/v2\/posts\/36\/revisions"}],"predecessor-version":[{"id":1019,"href":"https:\/\/zkz.hr\/index.php?rest_route=\/wp\/v2\/posts\/36\/revisions\/1019"}],"wp:featuredmedia":[{"embeddable":true,"href":"https:\/\/zkz.hr\/index.php?rest_route=\/wp\/v2\/media\/178"}],"wp:attachment":[{"href":"https:\/\/zkz.hr\/index.php?rest_route=%2Fwp%2Fv2%2Fmedia&parent=36"}],"wp:term":[{"taxonomy":"category","embeddable":true,"href":"https:\/\/zkz.hr\/index.php?rest_route=%2Fwp%2Fv2%2Fcategories&post=36"},{"taxonomy":"post_tag","embeddable":true,"href":"https:\/\/zkz.hr\/index.php?rest_route=%2Fwp%2Fv2%2Ftags&post=36"}],"curies":[{"name":"wp","href":"https:\/\/api.w.org\/{rel}","templated":true}]}}