{"id":40,"date":"2013-03-04T12:39:51","date_gmt":"2013-03-04T12:39:51","guid":{"rendered":"http:\/\/localhost\/wordpress\/?p=9"},"modified":"2023-09-11T07:32:29","modified_gmt":"2023-09-11T07:32:29","slug":"uloge-u-zkz-u","status":"publish","type":"post","link":"https:\/\/zkz.hr\/?p=40","title":{"rendered":"ULOGE U ZK\u017d-U"},"content":{"rendered":"<ul>\n<li style=\"list-style-type: none\">\n<ul>\n<li><strong>Izvr\u0161no vije\u0107e<\/strong>\n<ul>\n<li style=\"list-style-type: none\">\n<ul>\n<li>Oblikuje i uskla\u0111uje globalni plan rada (godi\u0161nji),<\/li>\n<li>Vodi brigu o projektima ZK\u017d-a<\/li>\n<li>Odgovara za financijsko poslovanje Zajednice,<\/li>\n<li>Organizira proslavu Svjetskog dana ZK\u017d-a,<\/li>\n<li>Daje izvje\u0161\u0107e o svom radu Nacionalnoj skup\u0161tini,<\/li>\n<li>Saziva nac. skup\u0161tinu i predla\u017ee dnevni red, vodi izbore,<\/li>\n<li>Odlu\u010duje o DV, duhovnim obnovama,<\/li>\n<li>Odlu\u010duje o organizaciji predavanja, kulturnih dogadanja, proslava, zajedn. susretima skupina,<\/li>\n<li>Organizira izricanje trajnog\/privremenog predanja,<\/li>\n<li>Na temelju prijedloga pratitelja skupine odlu\u010duje o sastavu pojedinih skupina ukoliko se uka\u017ee potreba.<\/li>\n<\/ul>\n<\/li>\n<\/ul>\n<\/li>\n<li><strong>Tajnik <\/strong>\n<ul>\n<li>Pi\u0161e zapisnik,<\/li>\n<li>Vodi arhiv i dokumentaciju zajednice,<\/li>\n<li>Vodi korespodenciju i proslje\u0111uje informacije i obavijesti,<\/li>\n<li>Prikuplja razli\u010dite prijave, prijedloge,<\/li>\n<li>De\u017eurstvo u uredu ZK\u017d-a,<\/li>\n<li>Razli\u010diti zadaci u vezi projekata ZK\u017d-a (obavijesti o DV, obnovama, doga\u0111anjima&#8230;),<\/li>\n<li>Vodi brigu o \u010destitkama, zahvalama i sl. (npr. za blagdane).<\/li>\n<\/ul>\n<\/li>\n<\/ul>\n<\/li>\n<\/ul>\n<p>&nbsp;<\/p>\n<ul>\n<li style=\"list-style-type: none\">\n<ul>\n<li><strong>Eurolink<\/strong>\n<ul>\n<li>Prati rad svjetskog ZK\u017d-a,<\/li>\n<li>Komunicira sa europskim\/svjevskim zajednicama,<\/li>\n<li>Obavje\u0161tava nacionalnu zajednicu o doga\u0111anjima, projektima i sl. zbivanjima na europskoj\/svjetskoj razini,<\/li>\n<li>Vodi izvje\u0161\u0107e o radu ZK\u017d-a i obavje\u0161tava svjetsku i europsku zajednicu, prema potrebi, o zbivanjima u nacionalnoj zajednici<\/li>\n<li>Planira svoj rad i upu\u0107uje Zajednicu na obaveze prema svjetskoj zajednici.<\/li>\n<\/ul>\n<\/li>\n<\/ul>\n<\/li>\n<\/ul>\n<p>&nbsp;<\/p>\n<ul>\n<li style=\"list-style-type: none\">\n<ul>\n<li><strong>Skupina za formaciju <\/strong>\n<ul>\n<li style=\"list-style-type: none\">\n<ul>\n<li>Brine o izradi formacijskog plana i njegovoj primjeni,<\/li>\n<li>Oblikuje prijedloge i napomene koji se odnose na potrebe formacije \u010dlanova, skupina, Zajednice u cjelini,<\/li>\n<li>Vodi organizaciju DV, duh. obnova,<\/li>\n<li>Priprema i vodi susrete voditelja skupina i duhovnih pratitelja,uvo\u0111enje novih \u010dlanova ZK\u017d-a,<\/li>\n<li>Koordinira rad skupina,<\/li>\n<li>Organizira seminare o ZK\u017d-u.<\/li>\n<\/ul>\n<\/li>\n<\/ul>\n<\/li>\n<\/ul>\n<\/li>\n<\/ul>\n<p>&nbsp;<\/p>\n<ul>\n<li><strong>Voditelj skupine <\/strong>\n<ul>\n<li>Poti\u010de primjernu dogovorenog plana i programa, odluka izvr\u0161noga vije\u0107a, smjernica svjetske skup\u0161tine, skupine za formaciju u svojoj skupini,<\/li>\n<li>Prati stanje u skupini i podnosi izvje\u0161\u0107e skupini za formaciju i duhovnom pratitelju skupine,<\/li>\n<li>Dogovara posjet duh. pratitelja,<\/li>\n<li>Povezuje \u010dlanove skupine i poti\u010de komunikaciju s ostalim skupinama,<\/li>\n<li>Obavje\u0161tava skupinu o doga\u0111anjima u nacionalnoj\/svjetskoj zajednici.<\/li>\n<\/ul>\n<\/li>\n<\/ul>\n","protected":false},"excerpt":{"rendered":"<p>Izvr\u0161no vije\u0107e Oblikuje i uskla\u0111uje globalni plan rada (godi\u0161nji), Vodi brigu o projektima ZK\u017d-a Odgovara za financijsko poslovanje Zajednice, Organizira proslavu Svjetskog dana ZK\u017d-a, Daje izvje\u0161\u0107e o svom radu Nacionalnoj skup\u0161tini, Saziva nac. skup\u0161tinu i predla\u017ee dnevni red, vodi izbore, Odlu\u010duje o DV, duhovnim obnovama, Odlu\u010duje o organizaciji predavanja, kulturnih dogadanja, proslava, zajedn. susretima skupina, [&hellip;]<\/p>\n","protected":false},"author":128,"featured_media":166,"comment_status":"closed","ping_status":"closed","sticky":false,"template":"","format":"standard","meta":{"footnotes":""},"categories":[32],"tags":[],"class_list":{"0":"post-40","1":"post","2":"type-post","3":"status-publish","4":"format-standard","5":"has-post-thumbnail","7":"category-c15-uloge-u-zkz-u","8":"czr-hentry"},"_links":{"self":[{"href":"https:\/\/zkz.hr\/index.php?rest_route=\/wp\/v2\/posts\/40","targetHints":{"allow":["GET"]}}],"collection":[{"href":"https:\/\/zkz.hr\/index.php?rest_route=\/wp\/v2\/posts"}],"about":[{"href":"https:\/\/zkz.hr\/index.php?rest_route=\/wp\/v2\/types\/post"}],"author":[{"embeddable":true,"href":"https:\/\/zkz.hr\/index.php?rest_route=\/wp\/v2\/users\/128"}],"replies":[{"embeddable":true,"href":"https:\/\/zkz.hr\/index.php?rest_route=%2Fwp%2Fv2%2Fcomments&post=40"}],"version-history":[{"count":1,"href":"https:\/\/zkz.hr\/index.php?rest_route=\/wp\/v2\/posts\/40\/revisions"}],"predecessor-version":[{"id":1017,"href":"https:\/\/zkz.hr\/index.php?rest_route=\/wp\/v2\/posts\/40\/revisions\/1017"}],"wp:featuredmedia":[{"embeddable":true,"href":"https:\/\/zkz.hr\/index.php?rest_route=\/wp\/v2\/media\/166"}],"wp:attachment":[{"href":"https:\/\/zkz.hr\/index.php?rest_route=%2Fwp%2Fv2%2Fmedia&parent=40"}],"wp:term":[{"taxonomy":"category","embeddable":true,"href":"https:\/\/zkz.hr\/index.php?rest_route=%2Fwp%2Fv2%2Fcategories&post=40"},{"taxonomy":"post_tag","embeddable":true,"href":"https:\/\/zkz.hr\/index.php?rest_route=%2Fwp%2Fv2%2Ftags&post=40"}],"curies":[{"name":"wp","href":"https:\/\/api.w.org\/{rel}","templated":true}]}}