{"id":485,"date":"2015-05-12T07:33:29","date_gmt":"2015-05-12T07:33:29","guid":{"rendered":"http:\/\/pubweb.carnet.hr\/zkz\/?p=485"},"modified":"2023-09-04T12:22:14","modified_gmt":"2023-09-04T12:22:14","slug":"susret-sv-oca-franje-sa-zajednicom-krscanskog-zivota","status":"publish","type":"post","link":"https:\/\/zkz.hr\/?p=485","title":{"rendered":"SUSRET SV. OCA FRANJE SA ZAJEDNICOM KR\u0160\u0106ANSKOG \u017dIVOTA 30. travnja 2015"},"content":{"rendered":"<p>Papa Franjo susreo se sa Zajednicom kr\u0161\u0107anskog \u017eivota na posebnoj audijenciji u auli Pavla VI, 30. travnja 2015 u organizaciji talijanske ZK\u017d, a u sklopu njihove godi\u0161nje skup\u0161tine sa temom &#8220;Iza zidova&#8221;. Pozvali su i predstavnike europskih ZK\u017d-a, te je iz Hrvatske sudjelovala delegacija od 7 \u010dlanova. Udomio nas je p. Sini\u0161a \u0160tambuk, urednik Hrvatskog programa radio Vatikana, do\u010dekao vl\u010d. Ivica Damjanovi\u0107, na\u0161 biv\u0161i \u010dlan i podupiratelj, trenutno na studiju u Rimu.<\/p>\n<div style=\"width: 684px\" class=\"wp-caption aligncenter\"><a href=\"https:\/\/drive.google.com\/uc?export=view&amp;id=0B2H7GuIm2bEYYjRYWXdvZ1hObGc\"><img loading=\"lazy\" decoding=\"async\" class=\"\" src=\"https:\/\/drive.google.com\/uc?export=view&amp;id=0B2H7GuIm2bEYYjRYWXdvZ1hObGc\" alt=\"ZK\u017d na audijenciji s papom\" width=\"674\" height=\"449\" \/><\/a><p class=\"wp-caption-text\">ZK\u017d na audijenciji s papom<\/p><\/div>\n<p>Larisa i Jakov Mandi\u0107 sudjelovali su i dan ranije na generalnoj audijenciji, te su kao novope\u010deni bra\u010dni par imali priliku i osobno se susresti sa sv. Ocem. Pokazav\u0161i mu slike gospe Trsatske i bl. Alojzija Stepinca, papa ih je pozvao da mole za njegovo skoro progla\u0161enje svetim!<\/p>\n<p>Na audijenciji s papom talijanski ZK\u017d je pozvao veliku obitelj isusova\u010dkih suradnika, \u017eupe i \u0161kole koje vode isusovci, misionarsku ligu talijanskih studenata, a papa je op\u0161irno i spontano odgovarao na pitanja koja su mu postavili \u010detvero \u010dlanova ZK\u017d-a.<\/p>\n<p>Bitno je istaknuti da je papa pozvao sve \u010dlanove ZK\u017d-a na aktivnost u kontemplaciji!<\/p>\n<p>Cijeli razgovor pape Franje mo\u017eete skinuti <a href=\"https:\/\/drive.google.com\/file\/d\/0BxX-x_C5LN3adFFpLUpkU1dicHc\/view?usp=sharing\" target=\"_blank\" rel=\"noopener\">OVDJE<\/a>:<\/p>\n<p>&nbsp;<\/p>\n<p><strong><em>SUSRET SV. OCA FRANJE SA ZAJEDNICOM KR\u0160\u0106ANSKOG \u017dIVOTA I MISIONARSKOM LIGOM STUDENATA ITALIJE<\/em><\/strong><\/p>\n<p><em>Aula Pavla VI<br \/>\n\u010cetvrtak, 30 travnja 2015<\/em><\/p>\n<p><strong><em>PITANJA POSTAVLJENA OD \u010cLANOVA POKRETA I PAPINI SPONTANI ODGOVORI<\/em><\/strong><\/p>\n<p><em>Paola:<\/em><\/p>\n<p>Sveti O\u010de \u2013 nije to samo na\u010din govora \u2013 ja sam Paola. Na slu\u017ebi sam u zatvoru u Arghilli, Reggio Calabria. Tamo se susre\u0107em s velikom patnjom i proturje\u010dnostima na\u0161ega svijeta. Tra\u017eimo od Vas svjetlo. Me\u0111u nama je, u ovom okru\u017eenju, lako govoriti o nadi, ta nam je rije\u010d bliska, no kako govoriti o nadi s osu\u0111enikom na do\u017eivotnu robiju? S \u010dovjekom koji definiran \u201enikada kraj kazne\u201c? Tako\u0111er, \u017eelim Vas pitati kako u\u010diniti na\u0161u savijest tanko\u0107utijom da, kada smo s onima koji trpe, to ne bude obi\u010dna dobrotvornost, nego da duboko promijeni na\u0161e srce i u\u010dini nas sposobnima hrabro se boriti za izgradnju pravednijeg svijeta? Hvala Vam Sveti O\u010de, \u0161to \u010dinite da se svatko od nas osje\u0107a, bez obzira u kojoj se situaciji nalazio, voljenim djetetom.<\/p>\n<p><strong>Papa Franjo:<\/strong><\/p>\n<p>Paola, ovdje sam napisao tvoja pitanja \u2013 dva su! Ti zna\u0161 da ja rado ka\u017eem \u2013 to je govorna figura, ali to je istina Evan\u0111elja \u2013 da moramo izi\u0107i i oti\u0107i na periferije. Izi\u0107i i oti\u0107i i na periferije bo\u017eanske transcedencije u molitvi, ali uvijek izi\u0107i van. Zatvor je jedna od najru\u017enijih periferija sa mnogo patnje. I\u0107i u zatvor prije svega zna\u010di re\u0107i samom sebi: &#8220;Ako ja nisam ovdje kao ovi, to je samo \u010dista milost Bo\u017eja&#8221;. \u010cista milost Bo\u017eja. Ako se mi nismo okliznuli u ovakvim pogre\u0161kama, \u010dak i zlo\u010dinima i kriminalu, to je zato jer nas je Gospodin dr\u017eao za ruku. Ne mo\u017ee se u\u0107i u zatvor s duhom &#8220;Dolazim ti govoriti o Bogu, budi strpljiv, ti si iz ni\u017ee klase, ti si gre\u0161nik&#8230;&#8221; Ne, ne! Ja sam ve\u0107i gre\u0161nik od tebe, to je prvi korak. U zatvoru se to mora izre\u0107i s puno hrabrosti, ali se mora izgovarati uvijek. Kad idemo propovijedati Isusa Krista ljudima koji ga ne poznaju, ili nekome \u010diji se na\u010din \u017eivota ne \u010dini ba\u0161 moralnim, moramo imati u mislima da sam ja ve\u0107i gre\u0161nik od njih, jer, to \u0161to ja nisam pao u tu situaciju je samo zbog Bo\u017eje milosti. To je nu\u017ean uvjet. Ne mo\u017eemo i\u0107i na periferije bez te svijesti. Pavao, Pavao je toga bio svjestan. On za sebe ka\u017ee da je najve\u0107i grije\u0161nik. Za sebe ka\u017ee \u010dak i jednu stra\u0161no te\u0161ku rije\u010d: Ja sam nedono\u0161\u010de (usp. 1 Kor 15, 8). To je zapisano u Bibliji, a to je Rije\u010d Bo\u017eja, nadahnuta Duhom Svetim! Ne smijemo u\u010diniti izraz lica kao \u0161to su na sli\u010dicama svetaca. Sveci su se osje\u0107ali gre\u0161nicima, jer su ovo razumjeli! I milost Bo\u017eja nas u tome podupire. Ako ti, ja, ili bilo tko od vas to ne osje\u0107a, ne mo\u017ee se odazvati Isusovom pozivu na poslanje: &#8220;Idite do krajeva svijeta, svim narodima, na periferije (usp. Mt, 28, 20). I tko su oni, koji nisu bili sposobni prihvatiti to poslanje? Zatvorene osobe, u\u010denjaci, zakonoznanci, one zatvorene osobe koje nisu bile spremne prihvatiti Isusa, koje nisu prihvatile njegovu poruku da izi\u0111u. Izgledali su kao pravednici, kao ljudi Crkve, ali Isus ih je nazvao ne ba\u0161 lijepim nazivom: &#8220;Licemjeri&#8221;. Tako ih naziva Isus. I da nam objasni kakvi su to ljudi, Isus ih &#8220;fotografira&#8221; rije\u010dima: &#8220;Vi ste obijeljeni grobovi&#8221; (usp. Mt 23, 27). Zatvorena osoba, ne mo\u017ee primiti, nije sposobna primiti snagu Duha Svetoga, i ostaje i dalje zatvorena i nije sposobna i\u0107i na periferije. Ti tra\u017ei\u0161 od Gospodina da ostane\u0161 otvorena glasu Duha Svetoga da mo\u017ee\u0161 i\u0107i na tu periferiju. A onda \u0107e te mo\u017eda sutra tra\u017eiti da ide\u0161 na neku drugu periferiju, ti to sada ne zna\u0161. Ali uvijek je Gospodin taj koji nas \u0161alje. A u zatvoru uvijek re\u0107i, \u010dak i sa mnogim osobama koje trpe: za\u0161to ta osoba trpi, a ja ne? Za\u0161to ta osoba ne poznaje Boga, nema nadu u \u017eivot vje\u010dni, misli da sve ovdje zavr\u0161ava, a ja ne? Za\u0161to je ta osoba optu\u017eena na sudovima zbog korupcije, a ja ne? Zbog milosti na\u0161eg Gospodina! Ovo je najljep\u0161a priprava za odlazak na periferije.<\/p>\n<p>Nakon toga ka\u017ee\u0161: &#8220;O kojoj nadi da govorim tim ljudima u zatvoru&#8221;? Mnogi su osu\u0111eni na smrt&#8230; Ne, u Italiji nema smrtne kazne, ali do\u017eivotni zatvor&#8230;. Do\u017eivotni zatvor je smrtna kazna, jer zna se da se iz zatvora ne izlazi. Te\u0161ko je to. \u0160to da ka\u017eem tom \u010dovjeku? \u0160to da ka\u017eem toj \u017eeni? Mo\u017eda&#8230; ne re\u0107i ni\u0161ta. Uzeti ga za ruku, pomilovati, plakati s njime ili s njom. Na taj na\u010din, imati iste osje\u0107aje kao i Isus. Pribli\u017eiti se srcu koje pati. Mnogo puta ne mo\u017eemo ni\u0161ta re\u0107i, jer bi i jedna rije\u010d bila uvreda. Samo geste. Geste koje pokazuju ljubav. \u201eTi si osu\u0111en na do\u017eivotni zatvor, ali ja dijelim s tobom taj dio \u017eivota\u201c. To je sudjelovanje s ljubavlju, ni\u0161ta vi\u0161e. To zna\u010di sijati ljubav.<\/p>\n<p>I potom stavlja\u0161 prst u ranu: kako u\u010diniti na\u0161u savijest tanko\u0107utijom da, kada smo s onima koji trpe, to ne bude obi\u010dna dobrotvornost, nego da duboko promijeni na\u0161e srce i u\u010dini nas sposobnima hrabro se boriti za izgradnju pravednijeg svijeta? Dobrotvornost je jedan stupanj: Gladan si? Da! Nahranit \u0107u te, danas! Dobro\u010dinstvo je prvi korak prema unaprije\u0111enju, i to nije lako. Kako unaprijediti stanje gladne djece? Recimo sada ne\u0161to o djeci: kako unaprijediti stanje djece bez obrazovanja? Kako unaprijediti stanje djece koja se ne znaju smijati, i koja te udare kad ih pomiluje\u0161, jer su u svojoj obitelji vidjeli kako njihov otac udara majku? Kako unaprijediti? Kako unaprijediti stanje ljudi koji su izgubili posao, kako biti uz njih i unaprijediti njihovo stanje, uz \u010dovjeka koji je izgubio posao i koji je time izgubio svoje dostojanstvo? Da, to je u redu, mo\u017eete ga nahraniti. No, dostojanstvo je da on, ili ona donosi hranu ku\u0107i! To daje dostojanstvo! To je unaprije\u0111enje, kako je va\u0161 predsjednik prije rekao (tu se papa poziva na uvodni govor predsjednika talijanske ZK\u017d): tolike stvari koje radite\u2026Jedna stvar koja \u010dini razliku izme\u0111u uobi\u010dajene dobrotvornosti \u2013 ne mislim na dobrotvornost kojom se mogu rije\u0161iti puno te\u017ei problemi \u2013 i <em>unaprije\u0111enja<\/em> jest: uobi\u010dajena dobrotvornost umiruje ti du\u0161u: &#8220;Danas sam nahranio gladnoga, idem mirno spavati&#8221;. Unaprije\u0111enje ti u du\u0161u unosi nemir: &#8220;Moram u\u010diniti vi\u0161e, sutra ovo, prekosutra ne\u0161to drugo&#8230;.!&#8221; Taj sveti nemir Duha Svetoga!<\/p>\n<p>To je ono \u0161to mi je do\u0161lo da ti ka\u017eem. Da to za nas ne bude obi\u010dana dobrotvornost, ve\u0107 nam promijeni i srce! To je taj nemir koji ti daruje Duh Sveti da pronalazi\u0161 nove putove kako pomo\u0107i, unaprijediti stanje bra\u0107i i sestrama, to te ujedinjuje s Isusom Kristom: to je pokora, to je kri\u017e, ali to je i radost. Radost velika, velika, velika koju ti daruje Duh Sveti kada ti daje\u0161. Ne znam da li ti je pomoglo to \u0161to sam ti rekao&#8230; Jer, kad mi postavljaju takva pitanja, opasno je \u2013 opasno je i za Papu \u2013 vjerovati da Papa mo\u017ee dati odgovor na sva pitanja. Jedini koji mo\u017ee dati odgovore na sva pitanja je sam Gospodin. Moj posao je jednostavno oslu\u0161kivati i re\u0107i ono \u0161to mi dolazi iznutra. Ali, nedovoljno i vrlo malo!<\/p>\n<p>&nbsp;<\/p>\n<p><em>Tiziana:<\/em><\/p>\n<p>Sveti O\u010de, ja sam Tiziana, dolazim iz Cagliarija. Osje\u0107am se uzbu\u0111eno i sretno: stajati pred Vama za mene je ostvarenje mog djetinjeg sna! \u010clan sam Zajednice kr\u0161\u0107anskog \u017eivota i Misionarske lige studenata, \u0161to mi je omogu\u0107ilo povlasticu da do\u017eivim predivna iskustva zajedni\u0161tva i slu\u017eenja. No, danas, govore\u0107i otvorenog srca, povjeravam Vam da ponekad gubim nadu. Ponekad je moja ranjivost ista kao kod mnogih mladih. Pomozite meni i svima nama razumjeti da nas Bog nikad ne napu\u0161ta, da mi mladi mo\u017eemo i dalje sanjati usred onih koji nam poku\u0161avaju oduzeti taj dar!<\/p>\n<p><strong>Papa Francesco:<\/strong><\/p>\n<p>Mladima rado ka\u017eem \u201eNe dozvolite da vam ukradu nadu\u201c. Ali tvoje pitanje ide dalje: \u201eO kojoj nadi mi govorite, O\u010de\u201c? Neki mogu misliti da imati nadu zna\u010di imati udoban i miran \u017eivot, posti\u0107i ne\u0161to u \u017eivotu. To je kontrolirana nada, nada koja se mo\u017ee odr\u017eati u laboratoriju. Ali ako ostaje\u0161 i radi\u0161 u stvarnom \u017eivotu s mnogim problemima, s puno sumnji\u010davosti koje ti donosi \u017eivot, s mnogim proma\u0161ajima, \u201eo kojoj nadi tada govorite, O\u010de\u201c? Da, mogu ti re\u0107i \u201esvi idemo u Nebo\u201c. Da, to je istina. Gospodin je dobar. Ali ja \u017eelim jedan bolji svijet, i krhka sam, i ne vidim na\u010dina kako se to mo\u017ee ostvariti. \u017delim se uklju\u010diti na primjer u politiku, u zdravstvo&#8230; Ali ponekad tamo pronalazim korupciju, a poslovi koji trebaju biti <em>slu\u017eenje<\/em> postaju \u201e<em>biznis<\/em>\u201c. \u017delim se uklju\u010diti u Crkvu, ali i tamo \u0111avao posije korupciju. Sje\u0107am se Kri\u017enog puta pape Benedikta XVI, u kojem nas je pozvao da odstranimo prljav\u0161tinu iz Crkve. \u010cak i u Crkvi postoji korupcija. Uvijek postoji ne\u0161to \u0161to razo\u010darava nadu, i ne mo\u017ee se dalje. Ali <em>prava<\/em> nada je Bo\u017eji dar, poklon i ona nikada ne razo\u010darava. Ali kako razumjeti da nas Bog ne napu\u0161ta, da je Bog s nama, da kora\u010da uz nas? Danas, na po\u010detku sv. mise bio je jedan redak jednog prekrasnog psalma <em>\u201eKad si stupao, Bo\u017ee, pred narodom svojim, dok si se Ti borio s nama, tresla se zemlja, nebo se rosilo\u201c<\/em> (usp Ps 68, 8-9,20). Da, ali to se ne vidi uvijek. Jedna je stvar za koju sam ja siguran \u2013 siguran sam, mo\u017eda ju ponekad ne osje\u0107am, ali sam siguran \u2013 Bog kora\u010da sa svojim narodom. Bog nikad ne napu\u0161ta svoj narod. On je pastir svoga naroda. Kad u\u010dinim neki grijeh, kad u\u010dinim neku pogre\u0161ku, kada u\u010dinim neku nepravdu, kad vidim mnoge lo\u0161e stvari, pitam se: \u201eGospodine, gdje si? Gdje prebiva\u0161?\u201c Danas, kada mnogi nevini umiru, gdje si Gospodine? Da li je mogu\u0107e ne\u0161to u\u010diniti? Nada je jedna krepost koju je najte\u017ee razumjeti, a jedan od velikana, mislim da je to bio Peguy, jedan od onih koji tvrde da je nada najponiznija od svih kreposti, jer je vrlina poniznih. Moramo se jako poniziti kako bi nam je Gospodin darovao, kako bi nam je Gospodin dao. On nas podr\u017eava. Ali, reci mi, s naravnog gledi\u0161ta, mislimo na rad u bolnici: koju nadu mo\u017ee imati jedna redovnica koja 40 godina radi na odjelu s terminalnim bolesnicima, i svaki dan dolaze novi, i novi, i novi&#8230; Da, vjerujem u Boga, ali ljubav koju pru\u017ea ova \u017eena se umanjuje i umanjuje, i u jednom trenutku ova \u017eena mo\u017ee re\u0107i Bogu: \u201ePa je li ovo svijet koji si stvorio? Da li se od tebe mogu \u010demu nadati\u201c? Napast, kada smo u pote\u0161ko\u0107ama, kad gledamo brutalnosti koje se doga\u0111aju u svijetu, \u010dini nam se da gubimo nadu. Ali u skromnom srcu nada ostaje. Te\u0161ko je to razumjeti, jer je tvoje pitanje jako duboko. Kako ne odustati od daljnje borbe i prepustiti se lagodnom \u017eivotu, tek tako, bez nade, to je puno lak\u0161e\u2026 Slu\u017eenje je posao skromnih, danas smo to slu\u0161ali u Evan\u0111elju. Isus je do\u0161ao slu\u017eiti, ne da bude slu\u017een. Nada je krepost poniznih. Vjerujem da ovo mo\u017ee biti put. Ka\u017eem ti to iskreno, ne dolazi mi ni\u0161ta drugo \u0161to bih ti mogao re\u0107i. Poniznost i slu\u017eenje: te dvije stvari \u010duvaju <em>malu<\/em> nadu, najskromniju krepost, ali onu koja ti daje \u017eivot.<\/p>\n<p>&nbsp;<\/p>\n<p><em>Bartolo<\/em>:<\/p>\n<p>Predragi Sveti O\u010de, zovem se Bartolo, dijecezanski sam sve\u0107enik devet godina. Trenutno poslanje koje mi je povjereno je formacija bogoslova i pou\u010davanje u Me\u0111uregionalnom bogoslovnom sjemeni\u0161tu u Napulju, koje vode oci isusovci, mjesto u kojem se mnoge stvari predpostavljaju, kao npr. sama formacija. Otprilike deset godina sura\u0111ujem sa p. Massimom Nevola kao animator u misionarskim kampovima, konkretno na Kubi za mlade odrasle Misionarske lige studenata. Kroz to iskustvo vlastitim sam rukama dotaknuo rane na\u0161eg Gospodina u bijedi ljudi dana\u0161njeg vremena, i to me je potaklo da jo\u0161 vi\u0161e tra\u017eim Njegovo lice. To je tako\u0111er u\u010dvrstilo moj sve\u0107eni\u010dki poziv, koji sve vi\u0161e osje\u0107am kao dar \u010ditavom \u010dovje\u010danstvu i Crkvi. Dok ovdje vidim nazo\u010dne mnoge \u017eupe, \u017eelim Vas pitati koji je osobiti doprinos koji mo\u017ee ponuditi jedan pokret nadahnut na ignacijevskoj duhovnosti, poput ZK\u017d-a, u kr\u0161\u0107anskoj formaciji pastoralnih djelatnika, i Misionarska liga studenata za anga\u017eman i edukaciju mladih na svjetskoj razini? Hvala.<\/p>\n<p>&nbsp;<\/p>\n<p><strong>Papa Francesco:<\/strong><\/p>\n<p>Predsjednik je podsjetio na jednu uzre\u010dicu sv. Ignacija: \u201e<em>kontemplativan u akciji<\/em>\u201c. Biti kontemplativan u akciji ne zna\u010di kro\u010diti kroz \u017eivot gledaju\u0107i u nebo, jer \u0107e\u0161 sigurno pasti u neku rupu! Treba razumjeti \u0161to zna\u010di ta kontemplacija. Rekao si ne\u0161to \u0161to me je jako dotaklo: \u201esvojim rukama dotaknuo sam rane na\u0161eg Gospodina u bijedi ljudi dana\u0161njeg vremena\u201c. Vjerujem da je ovo jedan od najboljih lijekova za bolest koja nas jako poga\u0111a: to je indiferentnost. \u010cak i skepticizam: uvjerenje da se ne mo\u017ee ni\u0161ta vi\u0161e u\u010diniti. Za\u0161titnik indiferentnih i skeptika je apostol Toma: Toma je morao dotaknuti rane. Postoji jedan lijepi govor, lijepa meditacija sv. Bernarda o ranama na\u0161eg Gospodina. Ti si sve\u0107enik, mo\u017ee\u0161 ju prona\u0107i u slu\u017ebi \u010ditanja tre\u0107eg tjedna korizme, ne sje\u0107am se kojega dana. U\u0107i u Gospodinove rane; mi slu\u017eimo Gospodinu ranjenom od ljubavi, ruke na\u0161eg Boga su ruke ranjene od ljubavi. Biti sposobni u\u0107i u te rane&#8230; I dalje Bernard nastavlja: \u201eUzdaj se, u\u0111i u ranu njegova boka i promatrat \u0107e\u0161 ljubav tog Srca\u201c. Ako se pribli\u017ei\u0161 i ako dotakne\u0161 rane \u010dovje\u010danstva \u2013 to je katoli\u010dki nauk \u2013 dotaknut \u0107e\u0161 ranjenog Gospodina. To \u0107e\u0161 prona\u0107i kod Mateja u 25. poglavlju, i nisam heretik kada to ka\u017eem. Kad dodirne\u0161 rane na\u0161eg Gospodina, bolje \u0107e\u0161 razumjeti i Kristovo otajstvo, utjelovljenoga Boga. Ba\u0161 to je i poruka duhovnosti sv. Ignacija: duhovnost kojoj je u sredi\u0161tu Isus Krist, ne institucije, ne osobe, ne. Isus Krist. Ali utjelovljeni Krist! I kad obavlja\u0161 duhovne vje\u017ebe, sv. Ignacije savjetuje da gledaju\u0107i Krista kako trpi, promatraju\u0107i njegove rane, poku\u0161a\u0161 plakati i osjetiti bol. Ignacijevska duhovnost nudi va\u0161em pokretu upravo taj put: u\u0107i u Srce samoga Boga po ranama Isusa Krista. Krista ranjenog u gladnima, neukima, odba\u010denima, usamljenim starcima, bolesnima, zato\u010denima, ludima&#8230; tamo je Krist. I koju najve\u0107u gre\u0161ku mo\u017eete u\u010diniti? Govoriti o Bogu, tra\u017eiti Boga, susresti Boga, ali Boga koji je \u201eBog \u2013 sprej\u201c, raspr\u0161en, nematerijalan&#8230;. Sv. Ignacije \u017eeli da upozna\u0161 Isusa Krista, Gospodina, koji te ljubi, koji je polo\u017eio svoj \u017eivot za tebe, izranjenog zbog tvojih grijeha, mojih grijeha, za sve&#8230; I Gospodinove rane su posvuda. U tome \u0161to si ti rekao le\u017ei klju\u010d. Mo\u017eemo puno govoriti o teologiji, puno&#8230; lijepe stvari, govoriti o Bogu, ali pravi put je u tome da ti bude\u0161 sposoban kontemplirati Isusa Krista, \u010ditati evan\u0111elje, \u0161to je u\u010dinio Isus Krist: to je On, Gospodin. Zaljubi se u Isusa Krista i reci Isusu Kristu da te odabere da ga nasljeduje\u0161, da bude\u0161 kao On! A to se posti\u017ee molitvom ali i doti\u010du\u0107i njegove rane. Nikad ne\u0107e\u0161 upoznati Isusa ako ne bude\u0161 dotakao njegove rane! On je bio ranjen za nas. To je put koji svima nama nudi duhovnost sv. Ignacija: hod! Idem i malo dalje: ti si odgajatelj budu\u0107ih sve\u0107enika. Molim te, ako uo\u010di\u0161 nekog dobrog, inteligentnog momka, ali koji jo\u0161 nema to iskustvo da dotakne Gospodina, da ga zagrli, da ga zavoli tako ranjenog, savjetuj mu da ode na jedan lijep odmor od godinu, dvije&#8230; i dobro \u0107e\u0161 u\u010diniti. \u201eAli O\u010de, nas sve\u0107enika je malo, i imamo potrebu&#8230;\u201cMolim vas, da nas iluzije o brojnosti ne zavaraju pa da izgubimo iz vida kvalitetu! Trebamo sve\u0107enike koji mole. Koji se mole Isusu Kristu, koji izazivaju Isusa Krista za vlastiti narod, kao \u0161to je Mojsije imao hrabrosti izazvati Boga i spasiti narod kojeg je Bog htio uni\u0161titi; sve\u0107enici koji \u0107e imati hrabrosti trpjeti, podnositi samo\u0107u i pru\u017eiti mnogo ljubavi. I za njih vrijedi onaj savjet Bernarda o Gospodinovim ranama. Jesi li razumio? Hvala!<\/p>\n<p><em>Gianni<\/em>:<\/p>\n<p>Sveti O\u010de, ja sam Gianni, dolazim iz ZK\u017d-a iz Aquile. Uklju\u010deni smo ve\u0107 30 godina u dragovoljstvu, u udrugama i politici. U na\u0161em zalaganju u dru\u0161tvenom \u017eivotu, \u017eelimo da svatko, a posebno mladi, razumiju da osim privatnog dobra koje \u010desto prevladava, postoji i neko op\u0107e dobro za cijelo dru\u0161tvo. Sveti O\u010de, kako nam u razlu\u010divanje mo\u017ee pomo\u0107i duhovnost sv. Ignacija da odr\u017eimo \u017eivim odnos izme\u0111u vjere u Isusa Krista i na\u0161e odgovornosti da uvijek izgra\u0111ujemo pravednije i solidarnije dru\u0161tvo? Hvala<\/p>\n<p>&nbsp;<\/p>\n<p><strong>Papa Francesco:<\/strong><\/p>\n<p>Vjerujem da bi ti na ovo pitanje bolje mogao odgovoriti pater Bartolomeo Sorge, ne znam da li je tu, ne, nisam ga vidio&#8230; On je bio dobar! On je isusovac koje je otvorio putove prema politici. \u010cuje se kako neki ka\u017eu: \u201eTrebamo osnovati jednu katoli\u010dku stranku\u201c! To nije put! Crkva je zajednica kr\u0161\u0107ana koja se klanja Ocu, ide putem Sina i prima dar Duha Svetoga. Ona nije politi\u010dka stranka. \u201eNe, ne ka\u017eemo stranka\u2026 ali stranka u kojoj su samo katolici\u201c. Nije potrebno, i ne\u0107e imati mogu\u0107nosti da se anga\u017eira, jer \u0107e \u010diniti ono na \u0161to nije pozvan. \u201eNo, mo\u017ee li se katolik baviti politikom?\u201c \u2013 \u201eMora\u201c! \u201eMo\u017ee li se katolik uklju\u010diti u politiku\u201c? \u2013 \u201eMora\u201c! Bla\u017eeni Pavao VI rekao je, ako se ne varam, da je politika jedan od najuzvi\u0161enijih oblika ljubavi jer tra\u017ei zajedni\u010dko dobro. \u201eAli O\u010de, bavljenje politikom u ovom korumpiranom svijetu nije lako, na koncu ne mo\u017ee\u0161 i\u0107i naprijed&#8230;\u201c \u0160to mi \u017eeli\u0161 re\u0107i, da je bavljenje politikom jedan oblik mu\u010deni\u0161tva? Da. Da. To je jedan oblik mu\u010deni\u0161tva. To je jedan oblik mu\u010deni\u0161tva u svakodnevnici, zalagati se za op\u0107e dobro i ne biti korumpiran. Tra\u017eiti op\u0107e dobro nalaze\u0107i najbolje puteve i najkorisnija sredstva. Tra\u017eiti op\u0107e dobro \u010dine\u0107i male stvare, sitnice, po malo\u2026 ali mo\u017ee se. Biti uklju\u010den u politiku je jako va\u017eno: u malu politiku i u veliku politiku. U Crkvi postoje mnogi katolici koji su uklju\u010deni u politiku koja je dobra i nije prljava, koji su promicali mir me\u0111u narodima. Sjetite se katolika ovdje u Italiji nakon 2. svjetskog rata, sjetite se De Gasperija. Sjetite se Schumanna u Francuskoj koji je u procesu beatifikacije. Mo\u017ee se postati i svet bave\u0107i se politikom. Ne\u0107u imenovati vi\u0161e, dovoljna su dva primjera onih koji su \u017eeljeli i\u0107i naprijed za op\u0107e dobro. Politika je mu\u010deni\u0161tvo, doista jedan mu\u010deni\u010dki posao jer morate cijeli dan, svaki dan slijediti taj ideal da \u010dinite dobro za sve. Tako\u0111er, morate podnijeti i kri\u017e mnogih proma\u0161aja, ali i podnijeti kri\u017e mnogih grijeha. Jer je u svijetu te\u0161ko \u010diniti dobro u dru\u0161tvu, a da ipak malo ne uprljamo ruke ili srce, no, ako se to i dogodi, tra\u017ei opro\u0161tenje i nastavi raditi dalje. Neka te to ne obeshrabri. \u201eNe, O\u010de, ja se ne \u017eelim baviti politikom jer ne \u017eelim sagrije\u0161iti\u201c! Tako ne \u010dini\u0161 dobro. Idi naprijed, tra\u017ei od Gospodina da ti pomogne da ne sagrije\u0161i\u0161, ali ako i uprlja\u0161 ruke, tra\u017ei opro\u0161tenje i idi naprijed. I \u010diniti, \u010diniti\u2026<\/p>\n<p>I boriti se za pravednije i solidarnije dru\u0161tvo! Koje nam rje\u0161enje za politiku nudi ovaj globalizirani svijet? Jednostavno, u sredi\u0161tu je novac. Ni mu\u0161karac, ni \u017eena. Novac. Bog novca. To je u sredi\u0161tu. Svi su u slu\u017ebi boga novca. I sve \u0161to ne slu\u017ei tom bogu novca se odbacuje. Ono \u0161to nam nudi ovaj globalizirani svijet je kultura odbacivanja: ono \u0161to ne slu\u017ei, to se odbacuje. Odbacuju se djeca: djeca se ne ra\u0111aju, ili ve\u0107 za\u010deta djeca koja se ubijaju prije nego se rode. Odbacuju se starci, jer starci nisu od koristi. Ali sada kad nema posla tra\u017ee se djedovi i bake jer nam njihova penzija mo\u017ee pomo\u0107i! Ali slu\u017ee nam samo privremeno. Odbacuju se i napu\u0161taju starci. I sada, smanjuje se i posao jer bog novca ne mo\u017ee u\u010diniti sve, odbacuju se mladi, ovdje u Italiji, mla\u0111i od 25 godina, ne bih \u017eelio pogrije\u0161iti, ispravite me, ali 40% do 41% su bez posla. I oni se odbacuju. To je put prema uni\u0161tenju. Ja katolik to gledam s balkona? Ne mo\u017ee se gledati s balkona! Uklju\u010di se! Daj najbolje od sebe! Ako te Gospodin na to poziva, odi tamo, bavi se politikom! Trpjet \u0107e\u0161, mo\u017eda \u0107e\u0161 i sagrije\u0161iti, ali Gospodin je s tobom! Tra\u017ei opro\u0161tenje i idi naprijed! Ali nemojmo dozvoliti da ova kultura odbacivanja sve nas odbaci! Odbacuje se i sve \u0161to je stvoreno, svakim danom sve vi\u0161e! Ne zaboravite one rije\u010di bla\u017eenog Pavla VI: politika je jedan od najuzvi\u0161enijih oblika ljubavi! Ne znam jesam li vam uspio odgovoriti\u2026<\/p>\n<p>&nbsp;<\/p>\n<p>Napisao sam jedan govor\u2026 mo\u017eda dosadan, kao svi govori, ali \u0107u vam ga predati, vi\u0161e volim ovakav dijalog&#8230;<\/p>\n<p>(Zatim Papa predmoli molitvu sa svim nazo\u010dnima Gospi od puta).<\/p>\n<p>I molim vas, nemojte zaboraviti moliti za mene!<\/p>\n<p><strong>PRIPREMLJEN GOVOR SVETOG OCA<\/strong><\/p>\n<p>Draga bra\u0107o i sestre,<\/p>\n<p>pozdravljam sve vas, \u010dlanove talijanske Zajednice kr\u0161\u0107anskog \u017eivota, predstavnike raznih grupa ignacijevske duhovnosti, one koji su bliski va\u0161oj odgojnoj tradiciji i one koji su uklju\u010deni u evangelizaciju i promicanje humanosti. Poseban pozdrav sada\u0161njim i biv\u0161im u\u010denicima instituta \u201eMassimo\u201c iz Rima, kao i predstavnicima ostalih \u0161kola koje vode talijanski isusovci!<\/p>\n<p>Dobro poznajem va\u0161u Zajednicu jer sam bio nacionalni crkveni asistent u Argentini, krajem sedamdesetih godina. Va\u0161i su korijeni utemeljni u Marijanskim kongregacijama, koje nastaju s prvom generacijom drugova svetog Ignacija Lojolskog. To je dug put u kojem se Zajednica istakla u cijelom svijetu po intenzivnom duhovnom \u017eivotu i revnom apostolatu svojih \u010dlanova, i na neki na\u010din prethodi naputcima 2. vatikanskog koncila o ulozi i slu\u017ebi vjernika laika u Crkvi. Pod tim vidikom izabrali ste i temu va\u0161e skup\u0161tine \u201ePreko zidova\u201c.<\/p>\n<p>Danas bih vam \u017eelio ponuditi neke smjernice za va\u0161 duhovi i zajedni\u010dki hod.<\/p>\n<p>Prvo: Zalaganje da \u0161irite <em>kulturu pravde i mira. <\/em>Suo\u010deni s kulturom bezakonja, korupcije i sukoba, pozvani ste posvetiti se zajedni\u010dkom (op\u0107em) dobru, \u010dak i da se stavite u slu\u017ebu onim ljudima koji sudjeluju u politici. Ona je, kako navodi bl. Pavao VI, \u201enajuzvi\u0161eniji i najzahtjevniji oblik ljubavi\u201c. Ako se kr\u0161\u0107ani ne uklju\u010duju u izravan anga\u017eman u politici, to bi zna\u010dilo iznevjeriti poslanje vjernika laika kojim su pozvani biti sol i svjetlo u svijetu kroz ovaj na\u010din prisutnosti.<\/p>\n<p>Kao drugi apostolski prioritet ukazujem vam <em>obiteljski pastoral<\/em>, u svjetlu produbljivanja posljednje biskupske sinode. Poti\u010dem vas da pomognete biskupijskim zajednicama u brizi za obitelj, vitalnoj stanici dru\u0161tva, i u pripravi zaru\u010dnika za brak. Istovremeno, mo\u017eete sura\u0111ivati u prihva\u0107anju takozvanih \u201eudaljenih\u201c: me\u0111u njima je nemali broj rastavljenih, koji trpe zbog neuspjeha njihovog bra\u010dnog \u017eivota, kao i druge situacije obiteljskih pote\u0161ko\u0107a koje mogu u\u010dini te\u0161kim hod u vjeri i u \u017eivotu u Crkvi.<\/p>\n<p>Tre\u0107a stvar koju vam \u017eelim savjetovati je: \u201e<em>misionarstvo<\/em>\u201c. Obradovalo me \u0161to ste prihvatili zajedni\u010dki hod sa Misionarskom ligom studenata, kojom ste krenuli u svijet u susret najsiroma\u0161nijima i u zajednice koje imaju najve\u0107u potrebu za pastoralnim suradnicima. Ohrabrujem vas da zadr\u017eite tu sposobnost da iza\u0111ete van i da idete prema granicama \u010dovje\u010danstva gdje je navje\u0107a potreba. Danas ste pozvali i predstavnike va\u0161ih bratskih zajednica posebno iz Sirije i Libanona, naroda koji su mu\u010deni stra\u0161nim ratovima, i njima iskazujem moju ljubav i suosje\u0107anje. Ti narodi pro\u017eivljavaju vrijeme kri\u017ea, stoga im iska\u017eimo svoju ljubav, blizinu i podr\u0161ku cijele Crkve. Va\u0161a solidarna veza s njima potvr\u0111uje va\u0161e opredijeljenje da sa svima gradite mostove mira.<\/p>\n<p>Va\u0161e obilje\u017eje bratske povezanosti koje vas uklju\u010duje i u projekte prihvata imigranata na Siciliji, u velikodu\u0161nom obrazovanju mladih, kako unutar va\u0161e zajednice tako i u okru\u017eenju \u0161kole. Ignacije je shvatio da je za obnovu dru\u0161tva potrebno krenuti s mladima i poticao je otvaranje kolegija. U njima su ro\u0111ene prve Marijine kongregacije. Na tragu ovog svjetlog i plodnog apostolskog na\u010dina \u017eivota, i vi mo\u017eete biti aktivni u razli\u010ditim obrazovnim institucijama u Italiji, katoli\u010dkim i dr\u017eavnim, kao \u0161to je ve\u0107 slu\u010daj u mnogim krajevima svijeta. U sredi\u0161tu ove va\u0161e pastoralne aktivnosti neka bude uvijek radosno svjedo\u010denje evan\u0111elja, povezano sa prihva\u0107anjem i po\u0161tivanjem drugoga.<\/p>\n<p>Djevica Marija, koja je sa svojim \u201eDa\u201c nadahnula va\u0161e utemeljitelje, neka vam isprosi da mo\u017eete bezuvjetno odgovoriti na pozviv da budete \u201esvjetlo i sol\u201c na svim mjestima na kojima \u017eivite i radite. Neka vas prati i moj blagoslov koji od srca udjeljujem vama i svim \u010dlanovima va\u0161ih obitelji.<\/p>\n<p>Molim vas, ne zaboravite moliti za mene!<\/p>\n<p>&nbsp;<\/p>\n<p><iframe loading=\"lazy\" width=\"1170\" height=\"658\" src=\"https:\/\/www.youtube.com\/embed\/GLB9HXo1hAo?feature=oembed\" frameborder=\"0\" allow=\"accelerometer; autoplay; clipboard-write; encrypted-media; gyroscope; picture-in-picture; web-share\" allowfullscreen title=\"Papa Francesco alla Comunit\u00e0 di vita cristiana \/1 - Condivisione e promozione\"><\/iframe><\/p>\n<p><iframe loading=\"lazy\" width=\"1170\" height=\"658\" src=\"https:\/\/www.youtube.com\/embed\/o2ZyzUfHNuI?feature=oembed\" frameborder=\"0\" allow=\"accelerometer; autoplay; clipboard-write; encrypted-media; gyroscope; picture-in-picture; web-share\" allowfullscreen title=\"Papa Francesco alla Comunit\u00e0 di vita cristiana \/2 - Speranza\"><\/iframe><\/p>\n<p>&nbsp;<\/p>\n<p><iframe loading=\"lazy\" width=\"1170\" height=\"658\" src=\"https:\/\/www.youtube.com\/embed\/-5fVv2gEt2Q?feature=oembed\" frameborder=\"0\" allow=\"accelerometer; autoplay; clipboard-write; encrypted-media; gyroscope; picture-in-picture; web-share\" allowfullscreen title=\"Papa Francesco alla Comunit\u00e0 di vita cristiana \/3 - Entrare nelle ferite del Signore\"><\/iframe><\/p>\n<p><iframe loading=\"lazy\" width=\"1170\" height=\"658\" src=\"https:\/\/www.youtube.com\/embed\/V5fdoY3YfDg?feature=oembed\" frameborder=\"0\" allow=\"accelerometer; autoplay; clipboard-write; encrypted-media; gyroscope; picture-in-picture; web-share\" allowfullscreen title=\"Papa Francesco alla Comunit\u00e0 di vita cristiana \/4 - L&#39;impegno in politica\"><\/iframe><\/p>\n<p>&nbsp;<\/p>\n<p>&nbsp;<\/p>\n","protected":false},"excerpt":{"rendered":"<p>Papa Franjo susreo se sa Zajednicom kr\u0161\u0107anskog \u017eivota na posebnoj audijenciji u auli Pavla VI, 30. travnja 2015 u organizaciji talijanske ZK\u017d, a u sklopu njihove godi\u0161nje skup\u0161tine sa temom &#8220;Iza zidova&#8221;. Pozvali su i predstavnike europskih ZK\u017d-a, te je iz Hrvatske sudjelovala delegacija od 7 \u010dlanova. Udomio nas je p. Sini\u0161a \u0160tambuk, urednik Hrvatskog [&hellip;]<\/p>\n","protected":false},"author":128,"featured_media":704,"comment_status":"closed","ping_status":"closed","sticky":false,"template":"","format":"standard","meta":{"footnotes":""},"categories":[26,17],"tags":[],"class_list":{"0":"post-485","1":"post","2":"type-post","3":"status-publish","4":"format-standard","5":"has-post-thumbnail","7":"category-c9-iz-zivota-zajednice","8":"category-c31-svijetska-zkz","9":"czr-hentry"},"_links":{"self":[{"href":"https:\/\/zkz.hr\/index.php?rest_route=\/wp\/v2\/posts\/485","targetHints":{"allow":["GET"]}}],"collection":[{"href":"https:\/\/zkz.hr\/index.php?rest_route=\/wp\/v2\/posts"}],"about":[{"href":"https:\/\/zkz.hr\/index.php?rest_route=\/wp\/v2\/types\/post"}],"author":[{"embeddable":true,"href":"https:\/\/zkz.hr\/index.php?rest_route=\/wp\/v2\/users\/128"}],"replies":[{"embeddable":true,"href":"https:\/\/zkz.hr\/index.php?rest_route=%2Fwp%2Fv2%2Fcomments&post=485"}],"version-history":[{"count":3,"href":"https:\/\/zkz.hr\/index.php?rest_route=\/wp\/v2\/posts\/485\/revisions"}],"predecessor-version":[{"id":705,"href":"https:\/\/zkz.hr\/index.php?rest_route=\/wp\/v2\/posts\/485\/revisions\/705"}],"wp:featuredmedia":[{"embeddable":true,"href":"https:\/\/zkz.hr\/index.php?rest_route=\/wp\/v2\/media\/704"}],"wp:attachment":[{"href":"https:\/\/zkz.hr\/index.php?rest_route=%2Fwp%2Fv2%2Fmedia&parent=485"}],"wp:term":[{"taxonomy":"category","embeddable":true,"href":"https:\/\/zkz.hr\/index.php?rest_route=%2Fwp%2Fv2%2Fcategories&post=485"},{"taxonomy":"post_tag","embeddable":true,"href":"https:\/\/zkz.hr\/index.php?rest_route=%2Fwp%2Fv2%2Ftags&post=485"}],"curies":[{"name":"wp","href":"https:\/\/api.w.org\/{rel}","templated":true}]}}