{"id":619,"date":"2023-04-04T15:47:27","date_gmt":"2023-04-04T15:47:27","guid":{"rendered":"http:\/\/pubweb.carnet.hr\/zkz\/?p=619"},"modified":"2023-09-04T09:06:59","modified_gmt":"2023-09-04T09:06:59","slug":"skupstina-zajednice-krscanskog-zivota-2023","status":"publish","type":"post","link":"https:\/\/zkz.hr\/?p=619","title":{"rendered":"Skup\u0161tina Zajednice kr\u0161\u0107anskog \u017eivota 2023"},"content":{"rendered":"<p>Na Svjetski dan ZK\u017d-a koji se obilje\u017eava na blagdan Blagovjesti, u \u017eupi presv. Srca Isusova na Zametu (Rijeka), odr\u017eana je skup\u0161tina Zajednice kr\u0161\u0107anskog \u017eivota Hrvatske, nakon du\u017ee stanke uzrokovane pandemijom.<\/p>\n<p><a href=\"https:\/\/www.isusovci.hr\/wp-content\/uploads\/2023\/03\/skupstina-zkz3-980x441.jpg\"><img loading=\"lazy\" decoding=\"async\" class=\"aligncenter\" src=\"https:\/\/www.isusovci.hr\/wp-content\/uploads\/2023\/03\/skupstina-zkz3-980x441.jpg\" alt=\"\" width=\"980\" height=\"441\" \/><\/a><\/p>\n<p>&nbsp;<\/p>\n<p>Izabrano je novo izvr\u0161no vije\u0107e: predsjednik: Damijan Srdo\u010d, potpredsjednica: Jadranka A\u017ei\u0107, eurolink: Katelijn Radi\u0107, tajnica: Andja Jakovljevi\u0107.<\/p>\n<p><img loading=\"lazy\" decoding=\"async\" class=\"aligncenter size-medium\" src=\"https:\/\/www.isusovci.hr\/wp-content\/uploads\/2023\/03\/skupstina-zkz2-980x441.jpg\" width=\"980\" height=\"441\" \/><\/p>\n<p>Pod sv. Misom nekoliko \u010dlanova izreklo je trajno ili privremeno predanje, \u010dime su u\u010dvrstili svoju odluku da u ZK\u017d-u slu\u017ee Crkvi i bra\u0107i ljudima. Razmatraju\u0107i Marijin \u201eFIAT\u201c, svatko od \u010dlanova poku\u0161ao je odgovoriti na vlastiti poziv unutar Zajednice i Crkve, tra\u017ee\u0107i na\u010din kako mo\u017ee konkretno izre\u0107i i vlastiti \u201eDA\u201c na Bo\u017eji poziv. Veliku radost donio je susret sa predstavnicama sestrinskih udruga MAGIS i SKAC, na kojem je dogovorena daljnja suradnja.<\/p>\n","protected":false},"excerpt":{"rendered":"<p>Na Svjetski dan ZK\u017d-a koji se obilje\u017eava na blagdan Blagovjesti, u \u017eupi presv. Srca Isusova na Zametu (Rijeka), odr\u017eana je skup\u0161tina Zajednice kr\u0161\u0107anskog \u017eivota Hrvatske, nakon du\u017ee stanke uzrokovane pandemijom. &nbsp; Izabrano je novo izvr\u0161no vije\u0107e: predsjednik: Damijan Srdo\u010d, potpredsjednica: Jadranka A\u017ei\u0107, eurolink: Katelijn Radi\u0107, tajnica: Andja Jakovljevi\u0107. Pod sv. Misom nekoliko \u010dlanova izreklo je [&hellip;]<\/p>\n","protected":false},"author":128,"featured_media":695,"comment_status":"closed","ping_status":"closed","sticky":false,"template":"","format":"standard","meta":{"footnotes":""},"categories":[26],"tags":[],"class_list":{"0":"post-619","1":"post","2":"type-post","3":"status-publish","4":"format-standard","5":"has-post-thumbnail","7":"category-c9-iz-zivota-zajednice","8":"czr-hentry"},"_links":{"self":[{"href":"https:\/\/zkz.hr\/index.php?rest_route=\/wp\/v2\/posts\/619","targetHints":{"allow":["GET"]}}],"collection":[{"href":"https:\/\/zkz.hr\/index.php?rest_route=\/wp\/v2\/posts"}],"about":[{"href":"https:\/\/zkz.hr\/index.php?rest_route=\/wp\/v2\/types\/post"}],"author":[{"embeddable":true,"href":"https:\/\/zkz.hr\/index.php?rest_route=\/wp\/v2\/users\/128"}],"replies":[{"embeddable":true,"href":"https:\/\/zkz.hr\/index.php?rest_route=%2Fwp%2Fv2%2Fcomments&post=619"}],"version-history":[{"count":2,"href":"https:\/\/zkz.hr\/index.php?rest_route=\/wp\/v2\/posts\/619\/revisions"}],"predecessor-version":[{"id":693,"href":"https:\/\/zkz.hr\/index.php?rest_route=\/wp\/v2\/posts\/619\/revisions\/693"}],"wp:featuredmedia":[{"embeddable":true,"href":"https:\/\/zkz.hr\/index.php?rest_route=\/wp\/v2\/media\/695"}],"wp:attachment":[{"href":"https:\/\/zkz.hr\/index.php?rest_route=%2Fwp%2Fv2%2Fmedia&parent=619"}],"wp:term":[{"taxonomy":"category","embeddable":true,"href":"https:\/\/zkz.hr\/index.php?rest_route=%2Fwp%2Fv2%2Fcategories&post=619"},{"taxonomy":"post_tag","embeddable":true,"href":"https:\/\/zkz.hr\/index.php?rest_route=%2Fwp%2Fv2%2Ftags&post=619"}],"curies":[{"name":"wp","href":"https:\/\/api.w.org\/{rel}","templated":true}]}}