{"id":75,"date":"2013-03-27T12:02:23","date_gmt":"2013-03-27T12:02:23","guid":{"rendered":"http:\/\/localhost\/wordpress\/?p=75"},"modified":"2023-09-05T13:14:51","modified_gmt":"2023-09-05T13:14:51","slug":"da-zelim-biti-sol-zemlje-i-svjetlost-svijeta-uz-pomoc-nacela-ignacijanske-duhovnosti","status":"publish","type":"post","link":"https:\/\/zkz.hr\/?p=75","title":{"rendered":"Da! \u017delim biti sol zemlje i svjetlost svijeta!"},"content":{"rendered":"<p><img loading=\"lazy\" decoding=\"async\" style=\"margin: 5px\" src=\"http:\/\/jasonfranklin.files.wordpress.com\/2011\/05\/salt-and-light-1.jpg\" alt=\"sol&amp;svjetlo\" width=\"575\" height=\"384\" \/><\/p>\n<p>&nbsp;<\/p>\n<p><span style=\"line-height: 115%\">\u010cesto se u \u017eivotnim pote\u0161ko\u0107ama sjetim Isusove opomene da trebamo biti <strong>sol zemlje i svjetlost svijeta<\/strong> (usp. Mt 5, 13 &#8211; 16) . Volim si to posvjestiti, taj redak iz evan\u0111elja mi je ujedno i opominjuju\u010di i poticajan. Poti\u010de me da trebam biti sol zemlje, sol koja daje okus ovome svijetu. Davati <strong><em>tantum quantum<\/em><\/strong> od sebe \u2013 koliko mogu, toliko dati! I tako svaki dan, najbolje od sebe!<em>Daju\u0107i prednost onome \u0161to me vodi svrsi radi koje sam stvorena<\/em>. Osoliti trebam dru\u0161tvo u kojem \u017eivim i radim, kako bi svi \u017ee\u0111ali za Kristom. <\/span><\/p>\n<p><span style=\"line-height: 115%\">Ali tako\u0111er, u isto vrijeme, imaju\u0107i na umu da \u0161irenjem svojih pogleda, poznanstava i prijateljstava to moje davanje za bli\u017enje nije dovoljno te da postoji mogu\u0107nost da ne dajem dobar okus svijetu, ve\u0107 ga dodatno obljutavim. Zar da dopustim da me se izbaci na ulicu i da ljudi po meni gaze, kako me redak iz evan\u0111elja opominje? Zar da se ne trudim <strong><em>semper magis<\/em><\/strong><em>, <\/em>uvijek vi\u0161e? <em>Zar da ne te\u017eim najboljem kako bi postigla vi\u0161e i bolje<\/em>? Svakim danom, svakim korakom, svakim udisajem?! Svjesna ili nesvjesna svojih mogu\u0107nosti koje su mi po milosti Bo\u017ejoj darovane svjesna sam poziva na svjedo\u010denje svoje vjere. Svjesna sam i toga da ne\u0107e biti (i nije) lako. I na to je Isus upozoravao kada nam je u govoru na gori poru\u010dio \u201e<strong>Blago<\/strong> <strong>vama kad vas &#8211; zbog mene &#8211; pogrde i prognaju i sve zlo sla\u017eu protiv vas<\/strong>!<strong>\u201c<\/strong> (usp.Mt 5, 11) &#8211; <span style=\"line-height: 115%\"><span style=\"line-height: 115%\"><span style=\"line-height: 115%\">nije ba\u0161 da sam luda od sre\u0107e kada me ismijavaju, ali borba je neizmjerno lak\u0161a kada unaprijed znam tko je pobjedio.<\/span><\/span><\/span><br \/>\n<\/span><\/p>\n<p><span style=\"line-height: 115%\">Zapravo, kada zavirim malo dublje u sebe nai\u0111em na kontradiktornost samoj sebi i uvidim da sam zapravo iskreno radosna kada <em>odabirem Bo\u017eje, \u010dak i kada je to te\u017ee<\/em>! Upravo kako ka\u017ee i jedno od na\u010dela na\u0161e duhovnosti (<strong><em>De duobus vexillis<\/em><\/strong>). Te\u017ee, ne samo u o\u010dima onih koji \u017eive i rade <em>po svijetu za svijet i u svijetu<\/em>, koji me u ni u kojem slu\u010daju ne razumiju, ve\u0107 te\u017ee i u o\u010dima onih koji \u017eive <em>u svijetu za svijet ali ne od svijeta<\/em> \u2013 onih koje volim zvati svojima, svojom bra\u0107om i sestrama u Kristu. <\/span><\/p>\n<p><span style=\"line-height: 115%\">Da! \u017delim odabrati Bo\u017eje \u010dak i kada mojoj bra\u0107i i sestrama to izgleda \u0161a\u0161avo. Da! <em>\u017delim stvari shva\u0107ati iznutra i ne zadr\u017eavati se na formi<\/em>! (<strong><em>Discernere<\/em><\/strong>) Da! \u017delim davati ukus ovome svijetu, umjeren i fin okus. Ne \u017eelim biti bljutava i niza\u0161to, osim da me se izbaci na ulicu, ali tako\u0111er ne \u017eelim biti ni fanati\u010dna, pa da presolim dru\u0161tvo koje ne zna na kojem izvoru mo\u017ee uta\u017eiti \u017ee\u0111. <\/span><\/p>\n<p><span style=\"line-height: 115%\">Da! \u017delim <em>djelovati <strong>Agere Contra<\/strong><\/em>! Da! \u017delim<em> \u010dinti ono \u0161to me \u010dini boljom! <\/em>Da! \u017delim biti svjetiljka ovome svijetu. \u017delim goriti i izgarati za Krista i Njegovo kraljevstvo. Da! Istinski to \u017eelim! Kada sam to ve\u0107 odlu\u010dila i prihvatila za \u017eivotni motiv ne \u017eelim se skrivati, jer nije svjetiljka da se ispod posude stavi nego da se stavi na svije\u010dnjak i da svjetli svima u ku\u0107i. Tako \u017eelim da moja djela svjetle svima, da moja djela budu barem tra\u010dak nade onima koji su nadu izgubili. Kako se grad sagra\u0111en na gori ne mo\u017ee skriti tako da se ni ja ne \u017eelim skrivati. Upravo suprotno, \u017eelim biti za primjer i svjetlo drugima. <\/span><\/p>\n<p><span style=\"line-height: 115%\">\u017delim biti <strong><em>Indifferentia,<\/em><\/strong> <em>raspolo\u017eiva i slobodna duha prema svemu stvorenom<\/em>!<\/span><\/p>\n<p><span style=\"line-height: 115%\">Molim za milost da imam snage i hrabrosti svjedo\u010diti ljubav i milost koju mi Bog svokdnevno daruje. Jer ako se nalazim na gori visokoj trebam biti spremna i na jake udare, na sve vremenske prilike i neprilike, na \u0161ibanje sa svih strana.<\/span><\/p>\n<p><span style=\"line-height: 115%\">E da, ba\u0161 zbog toga trebam u\u010dvr\u0161\u010d\u0107ivati svoje temelje, temelje koje ni\u0161ta od navedenog ne\u0107e mo\u0107i poljuljati a kamo li sru\u0161iti. Izvanjsko \u201e\u0161minkanje\u201c ne\u0107e puno pomo\u0107i u naletu jakog vjetra, ali <em>srce koje uvijek gori ljubavlju<\/em> Kristovom itekako je od koristi. S toga \u017eelim uvijek <em>kontemplirati o ljubavi<\/em> (<strong><em>Contemplatio ad amore<\/em><\/strong>), i tu istu ljubav bezuvjetnu, na kri\u017eu za nas predanu, svjedo\u010diti svakim svojim korakom, svakim svojim udisajem. <\/span><\/p>\n<p><span style=\"line-height: 115%\">Po proroku Izaiji govori nam da <em>on ne lomi napuknutu trsku niti gasi stijenj \u0161to tinja<\/em> (usp. Iz 42, 2-3) i upravo taj redak mi je poticaj da u te\u0161kim trenutcima u sebi prona\u0111em onu malenu iskru ljubavi koja mo\u017ee zapaliti srca mnogih oko mene da i oni budu sol zemlje i svjetlost svijeta. Da i oni (p)osole dru\u0161tvo u kojem \u017eive i rade, da i oni svojim djelima donose svjetlost mnogima! \u017delim biti apostol kojemu \u0107e <em>\u017eivot i djela o\u010ditovati slavu Bo\u017eju<\/em>, apostol koji \u0107e i druge na to poticati. Da!, iskreno \u017eelim da sve \u0161to mislim, radim i djelujem bude <em>na ve\u0107u slavu Bo\u017eju (<strong>Ad maiorem Dei gloriam<\/strong>). <\/em><\/span><\/p>\n<p><span style=\"line-height: 115%\"><em><br \/>\n<\/em>To je \u017eelja moga srca! <strong>\u0160to je svijet bljutaviji da mi budimo slaniji, \u0161to je svijet mra\u010dniji da mi ja\u010de svijetlimo! <\/strong><\/span><\/p>\n<p><span style=\"line-height: 115%\">Kamo li sre\u0107e da uspijem mijenjati sebe, a sa sobom i \u010ditav svijet.<\/span><\/p>\n<p style=\"text-align: right\">\u00a0<span style=\"line-height: 115%\">Ljubim vas ljubavlju Gospodnjom!<\/span><\/p>\n<p style=\"text-align: right\"><span style=\"line-height: 115%\">:)+<\/span><\/p>\n<p style=\"text-align: right\">Barbara Vrban, 26.3.02013.<\/p>\n<p>na\u010dela Ignacijanske duhovnosti<\/p>\n<p>&nbsp;<\/p>\n<ol>\n<li><strong><em>Ad maiorem Dei gloriam<\/em><\/strong> &#8211; Sve na ve\u0107u slavu Bo\u017eju. \u017divotom i djelima o\u010dituj slavu Bo\u017eju.<\/li>\n<li><strong><em>Magis<\/em><\/strong>&#8211; Vi\u0161e. Te\u017ei za najboljim kako bi postigao bolje i vi\u0161e.<\/li>\n<li><strong><em>Tantum quantum<\/em><\/strong> &#8211; Toliko koliko. Daj mjesta samo onom \u0161to te vodi svrsi radi koje si stvoren.<\/li>\n<li><strong><em>Discernere<\/em><\/strong>&#8211; Razlikovanje. Stvari shva\u0107aj iznutra. Ne zadr\u017eavaj se na formi.<\/li>\n<li><strong><em>De duobus vexillis<\/em><\/strong> &#8211; Dvije zastave. Odaberi Bo\u017eje, makar to bilo te\u017ee.<\/li>\n<li><strong><em>Agere contra<\/em><\/strong> &#8211; Djeluj suprotno. Uvijek \u010dini ono \u0161to te \u010dini boljim.<\/li>\n<li><strong><em>Indifferentia<\/em><\/strong>&#8211; Raspolo\u017eivost. Sloboda duha prema svemu stvorenom.<\/li>\n<li><strong><em>Contemplatio ad amorem<\/em><\/strong> &#8211; Kontemplacija o ljubavi. Neka ti srce uvijek gori ljubavlju.<\/li>\n<\/ol>\n","protected":false},"excerpt":{"rendered":"<p>&nbsp; \u010cesto se u \u017eivotnim pote\u0161ko\u0107ama sjetim Isusove opomene da trebamo biti sol zemlje i svjetlost svijeta (usp. Mt 5, 13 &#8211; 16) . Volim si to posvjestiti, taj redak iz evan\u0111elja mi je ujedno i opominjuju\u010di i poticajan. Poti\u010de me da trebam biti sol zemlje, sol koja daje okus ovome svijetu. Davati tantum quantum [&hellip;]<\/p>\n","protected":false},"author":128,"featured_media":189,"comment_status":"closed","ping_status":"closed","sticky":false,"template":"","format":"standard","meta":{"footnotes":""},"categories":[2],"tags":[],"class_list":{"0":"post-75","1":"post","2":"type-post","3":"status-publish","4":"format-standard","5":"has-post-thumbnail","7":"category-c32-duhovne-misli","8":"czr-hentry"},"_links":{"self":[{"href":"https:\/\/zkz.hr\/index.php?rest_route=\/wp\/v2\/posts\/75","targetHints":{"allow":["GET"]}}],"collection":[{"href":"https:\/\/zkz.hr\/index.php?rest_route=\/wp\/v2\/posts"}],"about":[{"href":"https:\/\/zkz.hr\/index.php?rest_route=\/wp\/v2\/types\/post"}],"author":[{"embeddable":true,"href":"https:\/\/zkz.hr\/index.php?rest_route=\/wp\/v2\/users\/128"}],"replies":[{"embeddable":true,"href":"https:\/\/zkz.hr\/index.php?rest_route=%2Fwp%2Fv2%2Fcomments&post=75"}],"version-history":[{"count":2,"href":"https:\/\/zkz.hr\/index.php?rest_route=\/wp\/v2\/posts\/75\/revisions"}],"predecessor-version":[{"id":862,"href":"https:\/\/zkz.hr\/index.php?rest_route=\/wp\/v2\/posts\/75\/revisions\/862"}],"wp:featuredmedia":[{"embeddable":true,"href":"https:\/\/zkz.hr\/index.php?rest_route=\/wp\/v2\/media\/189"}],"wp:attachment":[{"href":"https:\/\/zkz.hr\/index.php?rest_route=%2Fwp%2Fv2%2Fmedia&parent=75"}],"wp:term":[{"taxonomy":"category","embeddable":true,"href":"https:\/\/zkz.hr\/index.php?rest_route=%2Fwp%2Fv2%2Fcategories&post=75"},{"taxonomy":"post_tag","embeddable":true,"href":"https:\/\/zkz.hr\/index.php?rest_route=%2Fwp%2Fv2%2Ftags&post=75"}],"curies":[{"name":"wp","href":"https:\/\/api.w.org\/{rel}","templated":true}]}}