{"id":94,"date":"2013-03-11T11:45:25","date_gmt":"2013-03-11T11:45:25","guid":{"rendered":"http:\/\/localhost\/wordpress\/?p=25"},"modified":"2023-09-05T12:35:30","modified_gmt":"2023-09-05T12:35:30","slug":"vizitacija-p-luke-rodriguesa-sj-hrvatskoj-zajednici-krscanskog-zivota-23-25-3-2012","status":"publish","type":"post","link":"https:\/\/zkz.hr\/?p=94","title":{"rendered":"Vizitacija p. Luke Rodriguesa, SJ, hrvatskoj Zajednici kr\u0161\u0107anskog \u017eivota, 23.-25.3.2012"},"content":{"rendered":"<p><a href=\"http:\/\/pubweb.carnet.hr\/zkz\/wp-content\/uploads\/sites\/130\/2014\/09\/plukevisit14-e1411041988235.jpg\"><img loading=\"lazy\" decoding=\"async\" class=\"alignleft wp-image-305\" src=\"http:\/\/pubweb.carnet.hr\/zkz\/wp-content\/uploads\/sites\/130\/2014\/09\/plukevisit14-e1411040651269-300x131.jpg\" alt=\"\" width=\"449\" height=\"196\" \/><\/a><\/p>\n<p>Vizitacija p. Luke Rodriguesa, SJ, hrvatskoj Zajednici kr\u0161\u0107anskog \u017eivota<\/p>\n<p>P. Luke Rodrigues, SJ, na slu\u017ebi kao viceasistent svjetske Zajednice kr\u0161\u0107anskog \u017eivota, posjetio je na\u0161u zajednicu, od 23.-25.3.2012. Tom prilikom susreo se s provincijalom p. Antom Tustonji\u0107em, na\u0161im crkvenim asistentom p. Antunom Volenikom, sa zajednicom u Zagrebu i u Rijeci.<\/p>\n<p>Na zavr\u0161nici Duhovnih vje\u017ebi, u rezidenciji u Opatiji, okupilo nas se dvadesetak.<\/p>\n<p>P. Luke nam je predstavio smjernice apostolskog djelovanja Svjetske zajednice, poti\u010du\u0107i nas da i mi lokalno poku\u0161amo djelovati u skladu sa svjetskom zajednicom.<\/p>\n<p>P. Luke nam je u kratkom osvrtu na posjet napisao:<\/p>\n<p><em>Dragi Damijan, Antun i svi \u010dlanovi ZK\u017d Hrvatska,<\/em><\/p>\n<p><em>Moj um i srce i jo\u0161 su ispunjeni mnogim lijepim uspomenama kontaktiraju\u0107i sa svima vama. Nekoliko fotografija je u prilogu. Sada, da podijelim s vama neke dojmove &#8230;&#8230;<\/em><\/p>\n<p><em>Bio sam sretan vidjev\u0161i da su \u010dlanovi duboko predani tom na\u010dinu \u017eivota. Redovno se sastaju u svojim skupinama i obavljaju duhovne vje\u017ebae. Aktivno ste uklju\u010deni na osobnoj razini u mnogim apostolatima, posebno u \u017eupi. Unato\u010d tome \u0161to vas je mali broj, tako\u0111er ste uklju\u010deni na nekim zajedni\u010dkim apostolskim projektima kao \u0161to su kampovi mladih (sada ukinut) i podr\u0161ka djeci bez roditeljske skrbi. Sve to ukazuje na zajedni\u010dku duboku unutarnju dinamiku. Tu je i sve ve\u0107i osje\u0107aj da ste dio \u0161ire zajednice u europskim i svjetskim razinama. To je dobro.<\/em><\/p>\n<p><em>Vrlo va\u017eno pitanje je mali broj \u010dlanova. Morate poduzeti sve napore, u suradnji s isusovcima, kako bi privukli nove \u010dlanove. Bez toga priljeva novih osoba, mo\u017ee do\u0107i do stagnacije i \u010dlanovi mogu po\u010deti gubiti interes. Drugi izazov je napraviti dobar prijelaz izme\u0111u godina mladosti i stadija kada osobe zapo\u010dinju novu obitelj. Mnogi ljudi imaju tendenciju da napuste zajednicu u ovoj fazi.<\/em><\/p>\n<p><em>Pozivam vas da sagledati razne mogu\u0107nosti o kojima smo razgovarali sa p. Provincijalom. Osobe koje su pro\u0161le duhovne vje\u017ebe u svakodnevnom \u017eivotu mogu biti pozvane na nastave \u017eivjeti to iskustvo kroz ZK\u017d. Tako\u0111er, razli\u010ditim skupinama mladih mo\u017eete dati neki uvod u ZK\u017d, tako da kad zavr\u0161e s ovim razdobljem \u017eivota, mogu nastaviti ignacijansko iskustvo kao odrasle osobe kroz ZK\u017d.<\/em><\/p>\n<p><em>Tako\u0111er, bilo bi lijepo kad bi mogli sudjelovati na europskom odmoru u organizaciji Slovenije &#8211; divna prilika da rastemo u svijesti kao jedno tijelo.<\/em><\/p>\n<p><em>Na vrlo poseban na\u010din, \u017eelim zahvaliti Damijanu za sav trud koji je poduzeo organiziraju\u0107i moj posjet i voze\u0107i me okolo. Tako\u0111er mu zahvaljujem za energiju i entuzijazam s kojim radi za ZK\u017d, da o\u010duva nacionalnu zajednicu zajedno unato\u010d svim pote\u0161ko\u0107ama. On je dobar primjer drugima kakav bi \u010dlan ZK\u017d-a trebao biti.<\/em><\/p>\n<p><em>Moj topli pozdrav svim \u010dlanovima. Neka ovaj Veliki tjedan donese svima obilne blagodati.<\/em><\/p>\n<p><em>U Gospodinu,<\/em><br \/>\n<em>&#8211; Luka Rodrigues sj<\/em><\/p>\n<p>Slike su <a href=\"https:\/\/drive.google.com\/drive\/folders\/1VGKFZQLgrbA3ysfCMVViXPvwrhVK_lbw?usp=drive_link\">OVDJE<\/a>.<\/p>\n<p align=\"center\">\n","protected":false},"excerpt":{"rendered":"<p>Vizitacija p. Luke Rodriguesa, SJ, hrvatskoj Zajednici kr\u0161\u0107anskog \u017eivota P. Luke Rodrigues, SJ, na slu\u017ebi kao viceasistent svjetske Zajednice kr\u0161\u0107anskog \u017eivota, posjetio je na\u0161u zajednicu, od 23.-25.3.2012. Tom prilikom susreo se s provincijalom p. Antom Tustonji\u0107em, na\u0161im crkvenim asistentom p. Antunom Volenikom, sa zajednicom u Zagrebu i u Rijeci. Na zavr\u0161nici Duhovnih vje\u017ebi, u rezidenciji [&hellip;]<\/p>\n","protected":false},"author":128,"featured_media":305,"comment_status":"closed","ping_status":"closed","sticky":false,"template":"","format":"standard","meta":{"footnotes":""},"categories":[26],"tags":[],"class_list":{"0":"post-94","1":"post","2":"type-post","3":"status-publish","4":"format-standard","5":"has-post-thumbnail","7":"category-c9-iz-zivota-zajednice","8":"czr-hentry"},"_links":{"self":[{"href":"https:\/\/zkz.hr\/index.php?rest_route=\/wp\/v2\/posts\/94","targetHints":{"allow":["GET"]}}],"collection":[{"href":"https:\/\/zkz.hr\/index.php?rest_route=\/wp\/v2\/posts"}],"about":[{"href":"https:\/\/zkz.hr\/index.php?rest_route=\/wp\/v2\/types\/post"}],"author":[{"embeddable":true,"href":"https:\/\/zkz.hr\/index.php?rest_route=\/wp\/v2\/users\/128"}],"replies":[{"embeddable":true,"href":"https:\/\/zkz.hr\/index.php?rest_route=%2Fwp%2Fv2%2Fcomments&post=94"}],"version-history":[{"count":2,"href":"https:\/\/zkz.hr\/index.php?rest_route=\/wp\/v2\/posts\/94\/revisions"}],"predecessor-version":[{"id":840,"href":"https:\/\/zkz.hr\/index.php?rest_route=\/wp\/v2\/posts\/94\/revisions\/840"}],"wp:featuredmedia":[{"embeddable":true,"href":"https:\/\/zkz.hr\/index.php?rest_route=\/wp\/v2\/media\/305"}],"wp:attachment":[{"href":"https:\/\/zkz.hr\/index.php?rest_route=%2Fwp%2Fv2%2Fmedia&parent=94"}],"wp:term":[{"taxonomy":"category","embeddable":true,"href":"https:\/\/zkz.hr\/index.php?rest_route=%2Fwp%2Fv2%2Fcategories&post=94"},{"taxonomy":"post_tag","embeddable":true,"href":"https:\/\/zkz.hr\/index.php?rest_route=%2Fwp%2Fv2%2Ftags&post=94"}],"curies":[{"name":"wp","href":"https:\/\/api.w.org\/{rel}","templated":true}]}}